{"id":9227,"date":"2023-04-18T18:34:53","date_gmt":"2023-04-18T18:34:53","guid":{"rendered":"https:\/\/umnb.ca\/?p=9227"},"modified":"2023-04-18T18:37:03","modified_gmt":"2023-04-18T18:37:03","slug":"lancement-magazine-municipal-de-latlantique","status":"publish","type":"post","link":"https:\/\/umnb.ca\/fr\/lancement-magazine-municipal-de-latlantique\/","title":{"rendered":"LANCEMENT : Magazine municipal de l&rsquo;Atlantique"},"content":{"rendered":"<p>[et_pb_section fb_built=\u00a0\u00bb1&Prime; _builder_version=\u00a0\u00bb4.20.2&Prime; _module_preset=\u00a0\u00bbdefault\u00a0\u00bb global_colors_info=\u00a0\u00bb{}\u00a0\u00bb theme_builder_area=\u00a0\u00bbpost_content\u00a0\u00bb][et_pb_row _builder_version=\u00a0\u00bb4.20.2&Prime; _module_preset=\u00a0\u00bbdefault\u00a0\u00bb global_colors_info=\u00a0\u00bb{}\u00a0\u00bb column_structure=\u00a0\u00bb1_2,1_2&Prime; theme_builder_area=\u00a0\u00bbpost_content\u00a0\u00bb][et_pb_column type=\u00a0\u00bb1_2&Prime; _builder_version=\u00a0\u00bb4.20.2&Prime; _module_preset=\u00a0\u00bbdefault\u00a0\u00bb global_colors_info=\u00a0\u00bb{}\u00a0\u00bb theme_builder_area=\u00a0\u00bbpost_content\u00a0\u00bb][et_pb_image src=\u00a0\u00bbhttps:\/\/umnb.ca\/wp-content\/uploads\/2023\/04\/Screenshot-2023-04-17-135516-1.png\u00a0\u00bb _builder_version=\u00a0\u00bb4.20.2&Prime; _module_preset=\u00a0\u00bbdefault\u00a0\u00bb theme_builder_area=\u00a0\u00bbpost_content\u00a0\u00bb hover_enabled=\u00a0\u00bb0&Prime; sticky_enabled=\u00a0\u00bb0&Prime; url=\u00a0\u00bbhttps:\/\/www.municipalworld.com\/atlantic-digital-editions\/atlantic-spring-summer-2023\/?utm_source=Atlantic+Municipal+Magazine&#038;utm_campaign=407ad51c8b-Atlantic_Mag_Spring%2FSummer_2023&#038;utm_medium=email&#038;utm_term=0_781749a837-407ad51c8b-67765138&#038;ct=t(Atlantic_Mag_Spring\/Summer_2023)\u00a0\u00bb][\/et_pb_image][\/et_pb_column][et_pb_column type=\u00a0\u00bb1_2&Prime; _builder_version=\u00a0\u00bb4.20.2&Prime; _module_preset=\u00a0\u00bbdefault\u00a0\u00bb global_colors_info=\u00a0\u00bb{}\u00a0\u00bb theme_builder_area=\u00a0\u00bbpost_content\u00a0\u00bb][et_pb_text _builder_version=\u00a0\u00bb4.20.2&Prime; _module_preset=\u00a0\u00bbdefault\u00a0\u00bb hover_enabled=\u00a0\u00bb0&Prime; global_colors_info=\u00a0\u00bb{}\u00a0\u00bb theme_builder_area=\u00a0\u00bbpost_content\u00a0\u00bb sticky_enabled=\u00a0\u00bb0&Prime;]<\/p>\n<p><span style=\"font-weight: 400; font-size: x-large;\">La semaine derni\u00e8re, en collaboration avec la F\u00e9d\u00e9ration des municipalit\u00e9s de la Nouvelle-\u00c9cosse (NSFM), les Municipalit\u00e9s de Terre-Neuve et du Labrador (MNL) et la F\u00e9d\u00e9ration des municipalit\u00e9s de l&rsquo;\u00cele-du-Prince-\u00c9douard (FPEIM), nous avons publi\u00e9 la premi\u00e8re \u00e9dition du Magazine municipal de l&rsquo;Atlantique. Cette premi\u00e8re \u00e9dition traite de la pr\u00e9paration \u00e0 la gestion des urgences et du changement climatique dans le Canada atlantique. Cliquez sur la couverture ci-dessus pour en savoir plus !<\/span><\/p>\n<p>[\/et_pb_text][\/et_pb_column][\/et_pb_row][\/et_pb_section]<\/p>\n","protected":false},"excerpt":{"rendered":"<p>La semaine derni\u00e8re, en collaboration avec la F\u00e9d\u00e9ration des municipalit\u00e9s de la Nouvelle-\u00c9cosse (NSFM), les Municipalit\u00e9s de Terre-Neuve et du Labrador (MNL) et la F\u00e9d\u00e9ration des municipalit\u00e9s de l&rsquo;\u00cele-du-Prince-\u00c9douard (FPEIM), nous avons publi\u00e9 la premi\u00e8re \u00e9dition du Magazine municipal de l&rsquo;Atlantique. Cette premi\u00e8re \u00e9dition traite de la pr\u00e9paration \u00e0 la gestion des urgences et du [&hellip;]<\/p>\n","protected":false},"author":2,"featured_media":0,"comment_status":"closed","ping_status":"open","sticky":false,"template":"","format":"standard","meta":{"_et_pb_use_builder":"on","_et_pb_old_content":"","_et_gb_content_width":"","footnotes":""},"categories":[2],"tags":[],"class_list":["post-9227","post","type-post","status-publish","format-standard","hentry","category-non-classifiee"],"_links":{"self":[{"href":"https:\/\/umnb.ca\/fr\/wp-json\/wp\/v2\/posts\/9227\/"}],"collection":[{"href":"https:\/\/umnb.ca\/fr\/wp-json\/wp\/v2\/posts\/"}],"about":[{"href":"https:\/\/umnb.ca\/fr\/wp-json\/wp\/v2\/types\/post\/"}],"author":[{"embeddable":true,"href":"https:\/\/umnb.ca\/fr\/wp-json\/wp\/v2\/users\/2\/"}],"replies":[{"embeddable":true,"href":"https:\/\/umnb.ca\/fr\/wp-json\/wp\/v2\/comments\/?post=9227"}],"version-history":[{"count":2,"href":"https:\/\/umnb.ca\/fr\/wp-json\/wp\/v2\/posts\/9227\/revisions\/"}],"predecessor-version":[{"id":9231,"href":"https:\/\/umnb.ca\/fr\/wp-json\/wp\/v2\/posts\/9227\/revisions\/9231\/"}],"wp:attachment":[{"href":"https:\/\/umnb.ca\/fr\/wp-json\/wp\/v2\/media\/?parent=9227"}],"wp:term":[{"taxonomy":"category","embeddable":true,"href":"https:\/\/umnb.ca\/fr\/wp-json\/wp\/v2\/categories\/?post=9227"},{"taxonomy":"post_tag","embeddable":true,"href":"https:\/\/umnb.ca\/fr\/wp-json\/wp\/v2\/tags\/?post=9227"}],"curies":[{"name":"wp","href":"https:\/\/api.w.org\/{rel}","templated":true}]}}