{"id":9016,"date":"2023-03-03T18:50:56","date_gmt":"2023-03-03T18:50:56","guid":{"rendered":"https:\/\/umnb.ca\/?p=9016"},"modified":"2023-03-03T18:51:34","modified_gmt":"2023-03-03T18:51:34","slug":"bulletin-158-re-cap-du-cpm","status":"publish","type":"post","link":"https:\/\/umnb.ca\/fr\/bulletin-158-re-cap-du-cpm\/","title":{"rendered":"BULLETIN #158 &#8211; re-cap du CPM"},"content":{"rendered":"<p>[et_pb_section fb_built=\u00a0\u00bb1&Prime; _builder_version=\u00a0\u00bb4.16&Prime; _module_preset=\u00a0\u00bbdefault\u00a0\u00bb global_colors_info=\u00a0\u00bb{}\u00a0\u00bb theme_builder_area=\u00a0\u00bbpost_content\u00a0\u00bb][et_pb_row _builder_version=\u00a0\u00bb4.16&Prime; _module_preset=\u00a0\u00bbdefault\u00a0\u00bb global_colors_info=\u00a0\u00bb{}\u00a0\u00bb theme_builder_area=\u00a0\u00bbpost_content\u00a0\u00bb][et_pb_column type=\u00a0\u00bb4_4&Prime; _builder_version=\u00a0\u00bb4.16&Prime; _module_preset=\u00a0\u00bbdefault\u00a0\u00bb global_colors_info=\u00a0\u00bb{}\u00a0\u00bb theme_builder_area=\u00a0\u00bbpost_content\u00a0\u00bb][et_pb_text _builder_version=\u00a0\u00bb4.17.4&Prime; _module_preset=\u00a0\u00bbdefault\u00a0\u00bb inline_fonts=\u00a0\u00bbArial\u00a0\u00bb global_colors_info=\u00a0\u00bb{}\u00a0\u00bb theme_builder_area=\u00a0\u00bbpost_content\u00a0\u00bb]<\/p>\n<p>Nous esp\u00e9rons que tout le monde a pass\u00e9 un merveilleux week-end. Cette semaine, nous vous apportons une mise \u00e0 jour de la r\u00e9union du conseil provincial municipal qui s&rsquo;est tenue la semaine derni\u00e8re, une r\u00e9capitulation du sommet virtuel sur le logement et les dates des ateliers virtuels gratuits de formation sur l&rsquo;antiracisme organis\u00e9s par le Conseil multiculturel du Nouveau-Brunswick. Cliquez sur le lien ci-dessous pour en savoir plus:<\/p>\n<p>&nbsp;<\/p>\n<p><a href=\"https:\/\/umnb.ca\/wp-content\/uploads\/2023\/02\/WEEK-8-BULLETIN-Feb-21_21-fev-2.pdf\" target=\"_blank\" data-saferedirecturl=\"https:\/\/www.google.com\/url?q=https:\/\/umnb.us3.list-manage.com\/track\/click?u%3D35bd72955d43547de682e456f%26id%3D37ff0001dc%26e%3Dbeaccf12eb&amp;source=gmail&amp;ust=1677942532936000&amp;usg=AOvVaw2H2KnoJ3fsqpSeLSxHPdta\" rel=\"noopener\"><strong><span><span class=\"il\">BULLETIN<\/span>\u00a0#158<\/span><\/strong><\/a><\/p>\n<h1><span style=\"font-size: medium;\"><\/span><\/h1>\n<h1><strong><span style=\"font-size: medium;\"><\/span><\/strong><\/h1>\n<p><span style=\"font-family: inherit; font-size: medium;\">Les anciens num\u00e9ros du Bulletin sont disponibles sur notre page <\/span><a href=\"https:\/\/umnb.ca\/fr\/communications\/\">Communications<span style=\"font-family: inherit; font-size: medium;\">\u00a0<\/span><\/a><\/p>\n<p>[\/et_pb_text][\/et_pb_column][\/et_pb_row][\/et_pb_section]<\/p>\n","protected":false},"excerpt":{"rendered":"<p>Nous esp\u00e9rons que tout le monde a pass\u00e9 un merveilleux week-end. Cette semaine, nous vous apportons une mise \u00e0 jour de la r\u00e9union du conseil provincial municipal qui s&rsquo;est tenue la semaine derni\u00e8re, une r\u00e9capitulation du sommet virtuel sur le logement et les dates des ateliers virtuels gratuits de formation sur l&rsquo;antiracisme organis\u00e9s par le [&hellip;]<\/p>\n","protected":false},"author":2,"featured_media":0,"comment_status":"closed","ping_status":"open","sticky":false,"template":"","format":"standard","meta":{"_et_pb_use_builder":"on","_et_pb_old_content":"","_et_gb_content_width":"","footnotes":""},"categories":[2],"tags":[],"class_list":["post-9016","post","type-post","status-publish","format-standard","hentry","category-non-classifiee"],"_links":{"self":[{"href":"https:\/\/umnb.ca\/fr\/wp-json\/wp\/v2\/posts\/9016\/"}],"collection":[{"href":"https:\/\/umnb.ca\/fr\/wp-json\/wp\/v2\/posts\/"}],"about":[{"href":"https:\/\/umnb.ca\/fr\/wp-json\/wp\/v2\/types\/post\/"}],"author":[{"embeddable":true,"href":"https:\/\/umnb.ca\/fr\/wp-json\/wp\/v2\/users\/2\/"}],"replies":[{"embeddable":true,"href":"https:\/\/umnb.ca\/fr\/wp-json\/wp\/v2\/comments\/?post=9016"}],"version-history":[{"count":2,"href":"https:\/\/umnb.ca\/fr\/wp-json\/wp\/v2\/posts\/9016\/revisions\/"}],"predecessor-version":[{"id":9019,"href":"https:\/\/umnb.ca\/fr\/wp-json\/wp\/v2\/posts\/9016\/revisions\/9019\/"}],"wp:attachment":[{"href":"https:\/\/umnb.ca\/fr\/wp-json\/wp\/v2\/media\/?parent=9016"}],"wp:term":[{"taxonomy":"category","embeddable":true,"href":"https:\/\/umnb.ca\/fr\/wp-json\/wp\/v2\/categories\/?post=9016"},{"taxonomy":"post_tag","embeddable":true,"href":"https:\/\/umnb.ca\/fr\/wp-json\/wp\/v2\/tags\/?post=9016"}],"curies":[{"name":"wp","href":"https:\/\/api.w.org\/{rel}","templated":true}]}}