{"id":8873,"date":"2023-01-20T19:38:33","date_gmt":"2023-01-20T19:38:33","guid":{"rendered":"https:\/\/umnb.ca\/?p=8873"},"modified":"2023-01-20T19:38:34","modified_gmt":"2023-01-20T19:38:34","slug":"le-village-de-belledune-embauche-un-nouveau-directeur-general","status":"publish","type":"post","link":"https:\/\/umnb.ca\/fr\/le-village-de-belledune-embauche-un-nouveau-directeur-general\/","title":{"rendered":"Le village de Belledune embauche un nouveau directeur g\u00e9n\u00e9ral"},"content":{"rendered":"<p>[et_pb_section fb_built=\u00a0\u00bb1&Prime; _builder_version=\u00a0\u00bb4.16&Prime; _module_preset=\u00a0\u00bbdefault\u00a0\u00bb global_colors_info=\u00a0\u00bb{}\u00a0\u00bb theme_builder_area=\u00a0\u00bbpost_content\u00a0\u00bb][et_pb_row _builder_version=\u00a0\u00bb4.16&Prime; _module_preset=\u00a0\u00bbdefault\u00a0\u00bb global_colors_info=\u00a0\u00bb{}\u00a0\u00bb theme_builder_area=\u00a0\u00bbpost_content\u00a0\u00bb][et_pb_column type=\u00a0\u00bb4_4&Prime; _builder_version=\u00a0\u00bb4.16&Prime; _module_preset=\u00a0\u00bbdefault\u00a0\u00bb global_colors_info=\u00a0\u00bb{}\u00a0\u00bb theme_builder_area=\u00a0\u00bbpost_content\u00a0\u00bb][et_pb_text _builder_version=\u00a0\u00bb4.17.4&Prime; _module_preset=\u00a0\u00bbdefault\u00a0\u00bb custom_padding=\u00a0\u00bb||0px|||\u00a0\u00bb global_colors_info=\u00a0\u00bb{}\u00a0\u00bb theme_builder_area=\u00a0\u00bbpost_content\u00a0\u00bb]<\/p>\n<p><span style=\"font-weight: 400;\">Le village de Belledune est \u00e0 la recherche d&rsquo;un nouveau directeur g\u00e9n\u00e9ral. Pour ceux qui sont int\u00e9ress\u00e9s et qui souhaitent plus d&rsquo;informations, veuillez cliquer sur <\/span><a href=\"https:\/\/umnb.ca\/wp-content\/uploads\/2023\/01\/Chief-Administrative-Officer-Posting.pdf\"><b>ICI!\u00a0<\/b><\/a><\/p>\n<p><span style=\"font-weight: 400;\">\u00a0<\/span><\/p>\n<p style=\"text-align: center;\">Si vous pensez \u00eatre le bon candidat pour ce poste et souhaitez rejoindre cette \u00e9quipe, nous vous encourageons \u00e0<br \/>\u00e0 postuler en envoyant votre CV par courrier \u00e0<br \/>\u00c0 l&rsquo;attention de : Village de Belledune<br \/>PO Box 1006, 2471 Main St., Belledune, NB<br \/>E8G 2X9<br \/>ou par courriel \u00e0 info@belledune.com, au plus tard le 3 f\u00e9vrier 2023.<\/p>\n<p>&nbsp;<\/p>\n<p>[\/et_pb_text][\/et_pb_column][\/et_pb_row][\/et_pb_section]<\/p>\n","protected":false},"excerpt":{"rendered":"<p>Le village de Belledune est \u00e0 la recherche d&rsquo;un nouveau directeur g\u00e9n\u00e9ral. Pour ceux qui sont int\u00e9ress\u00e9s et qui souhaitent plus d&rsquo;informations, veuillez cliquer sur ICI!\u00a0 \u00a0 Si vous pensez \u00eatre le bon candidat pour ce poste et souhaitez rejoindre cette \u00e9quipe, nous vous encourageons \u00e0\u00e0 postuler en envoyant votre CV par courrier \u00e0\u00c0 l&rsquo;attention [&hellip;]<\/p>\n","protected":false},"author":2,"featured_media":0,"comment_status":"closed","ping_status":"open","sticky":false,"template":"","format":"standard","meta":{"_et_pb_use_builder":"on","_et_pb_old_content":"","_et_gb_content_width":"","footnotes":""},"categories":[2],"tags":[],"class_list":["post-8873","post","type-post","status-publish","format-standard","hentry","category-non-classifiee"],"_links":{"self":[{"href":"https:\/\/umnb.ca\/fr\/wp-json\/wp\/v2\/posts\/8873\/"}],"collection":[{"href":"https:\/\/umnb.ca\/fr\/wp-json\/wp\/v2\/posts\/"}],"about":[{"href":"https:\/\/umnb.ca\/fr\/wp-json\/wp\/v2\/types\/post\/"}],"author":[{"embeddable":true,"href":"https:\/\/umnb.ca\/fr\/wp-json\/wp\/v2\/users\/2\/"}],"replies":[{"embeddable":true,"href":"https:\/\/umnb.ca\/fr\/wp-json\/wp\/v2\/comments\/?post=8873"}],"version-history":[{"count":2,"href":"https:\/\/umnb.ca\/fr\/wp-json\/wp\/v2\/posts\/8873\/revisions\/"}],"predecessor-version":[{"id":8876,"href":"https:\/\/umnb.ca\/fr\/wp-json\/wp\/v2\/posts\/8873\/revisions\/8876\/"}],"wp:attachment":[{"href":"https:\/\/umnb.ca\/fr\/wp-json\/wp\/v2\/media\/?parent=8873"}],"wp:term":[{"taxonomy":"category","embeddable":true,"href":"https:\/\/umnb.ca\/fr\/wp-json\/wp\/v2\/categories\/?post=8873"},{"taxonomy":"post_tag","embeddable":true,"href":"https:\/\/umnb.ca\/fr\/wp-json\/wp\/v2\/tags\/?post=8873"}],"curies":[{"name":"wp","href":"https:\/\/api.w.org\/{rel}","templated":true}]}}