{"id":8687,"date":"2022-11-14T21:25:52","date_gmt":"2022-11-14T21:25:52","guid":{"rendered":"https:\/\/umnb.ca\/?p=8687"},"modified":"2022-11-14T21:25:53","modified_gmt":"2022-11-14T21:25:53","slug":"bulletin-145","status":"publish","type":"post","link":"https:\/\/umnb.ca\/fr\/bulletin-145\/","title":{"rendered":"BULLETIN #145"},"content":{"rendered":"<p>[et_pb_section fb_built=\u00a0\u00bb1&Prime; _builder_version=\u00a0\u00bb4.16&Prime; _module_preset=\u00a0\u00bbdefault\u00a0\u00bb global_colors_info=\u00a0\u00bb{}\u00a0\u00bb theme_builder_area=\u00a0\u00bbpost_content\u00a0\u00bb][et_pb_row _builder_version=\u00a0\u00bb4.16&Prime; _module_preset=\u00a0\u00bbdefault\u00a0\u00bb global_colors_info=\u00a0\u00bb{}\u00a0\u00bb theme_builder_area=\u00a0\u00bbpost_content\u00a0\u00bb][et_pb_column type=\u00a0\u00bb4_4&Prime; _builder_version=\u00a0\u00bb4.16&Prime; _module_preset=\u00a0\u00bbdefault\u00a0\u00bb global_colors_info=\u00a0\u00bb{}\u00a0\u00bb theme_builder_area=\u00a0\u00bbpost_content\u00a0\u00bb][et_pb_text _builder_version=\u00a0\u00bb4.17.4&Prime; _module_preset=\u00a0\u00bbdefault\u00a0\u00bb inline_fonts=\u00a0\u00bbArial\u00a0\u00bb global_colors_info=\u00a0\u00bb{}\u00a0\u00bb theme_builder_area=\u00a0\u00bbpost_content\u00a0\u00bb]<\/p>\n<h3><span><span style=\"font-size: medium;\">Joyeux lundi! Le Bulletin de cette semaine comprend les dates cl\u00e9s des \u00e9lections du 28 novembre, la reconnaissance du directeur Marcel Desch\u00eanes\u00a0qui quitte le conseil d&rsquo;administration de l&rsquo;UMNB et un webinaire gratuit sur la relance des communaut\u00e9s par les donn\u00e9es organis\u00e9 par la FCM. Ne manquez pas la section de cette semaine sur UMNB dans les nouvelles<\/span>.<\/span><\/h3>\n<p><span style=\"font-family: inherit; font-weight: normal; font-size: medium;\"><a href=\"https:\/\/umnb.ca\/wp-content\/uploads\/2022\/11\/BULLETIN-November-14_14-novembre.pdf\"><b>BULLETIN #145<\/b><\/a><\/span><\/p>\n<p><span style=\"font-family: inherit; font-size: medium;\">Past issues of the Bulletin can be found on our\u00a0<\/span><a href=\"https:\/\/umnb.ca\/communications\/\" style=\"font-family: inherit; font-size: medium;\">Communications<\/a><span style=\"font-family: inherit; font-size: medium;\">\u00a0page.<\/span><\/p>\n<p>[\/et_pb_text][\/et_pb_column][\/et_pb_row][\/et_pb_section]<\/p>\n","protected":false},"excerpt":{"rendered":"<p>Joyeux lundi! Le Bulletin de cette semaine comprend les dates cl\u00e9s des \u00e9lections du 28 novembre, la reconnaissance du directeur Marcel Desch\u00eanes\u00a0qui quitte le conseil d&rsquo;administration de l&rsquo;UMNB et un webinaire gratuit sur la relance des communaut\u00e9s par les donn\u00e9es organis\u00e9 par la FCM. Ne manquez pas la section de cette semaine sur UMNB dans [&hellip;]<\/p>\n","protected":false},"author":2,"featured_media":0,"comment_status":"closed","ping_status":"open","sticky":false,"template":"","format":"standard","meta":{"_et_pb_use_builder":"on","_et_pb_old_content":"","_et_gb_content_width":"","footnotes":""},"categories":[2],"tags":[],"class_list":["post-8687","post","type-post","status-publish","format-standard","hentry","category-non-classifiee"],"_links":{"self":[{"href":"https:\/\/umnb.ca\/fr\/wp-json\/wp\/v2\/posts\/8687\/"}],"collection":[{"href":"https:\/\/umnb.ca\/fr\/wp-json\/wp\/v2\/posts\/"}],"about":[{"href":"https:\/\/umnb.ca\/fr\/wp-json\/wp\/v2\/types\/post\/"}],"author":[{"embeddable":true,"href":"https:\/\/umnb.ca\/fr\/wp-json\/wp\/v2\/users\/2\/"}],"replies":[{"embeddable":true,"href":"https:\/\/umnb.ca\/fr\/wp-json\/wp\/v2\/comments\/?post=8687"}],"version-history":[{"count":2,"href":"https:\/\/umnb.ca\/fr\/wp-json\/wp\/v2\/posts\/8687\/revisions\/"}],"predecessor-version":[{"id":8690,"href":"https:\/\/umnb.ca\/fr\/wp-json\/wp\/v2\/posts\/8687\/revisions\/8690\/"}],"wp:attachment":[{"href":"https:\/\/umnb.ca\/fr\/wp-json\/wp\/v2\/media\/?parent=8687"}],"wp:term":[{"taxonomy":"category","embeddable":true,"href":"https:\/\/umnb.ca\/fr\/wp-json\/wp\/v2\/categories\/?post=8687"},{"taxonomy":"post_tag","embeddable":true,"href":"https:\/\/umnb.ca\/fr\/wp-json\/wp\/v2\/tags\/?post=8687"}],"curies":[{"name":"wp","href":"https:\/\/api.w.org\/{rel}","templated":true}]}}