{"id":8582,"date":"2022-10-17T02:23:27","date_gmt":"2022-10-17T02:23:27","guid":{"rendered":"https:\/\/umnb.ca\/?p=8582"},"modified":"2022-10-17T02:24:49","modified_gmt":"2022-10-17T02:24:49","slug":"le-maire-adjoint-andrew-black-elu-president-de-lunion-des-municipalites-du-nouveau-brunswick","status":"publish","type":"post","link":"https:\/\/umnb.ca\/fr\/le-maire-adjoint-andrew-black-elu-president-de-lunion-des-municipalites-du-nouveau-brunswick\/","title":{"rendered":"Le maire adjoint Andrew Black \u00e9lu pr\u00e9sident de l&rsquo;Union des municipalit\u00e9s du Nouveau-Brunswick"},"content":{"rendered":"<p>[et_pb_section fb_built=\u00a0\u00bb1&Prime; theme_builder_area=\u00a0\u00bbpost_content\u00a0\u00bb _builder_version=\u00a0\u00bb4.17.4&Prime; _module_preset=\u00a0\u00bbdefault\u00a0\u00bb][et_pb_row _builder_version=\u00a0\u00bb4.17.4&Prime; _module_preset=\u00a0\u00bbdefault\u00a0\u00bb theme_builder_area=\u00a0\u00bbpost_content\u00a0\u00bb][et_pb_column _builder_version=\u00a0\u00bb4.17.4&Prime; _module_preset=\u00a0\u00bbdefault\u00a0\u00bb theme_builder_area=\u00a0\u00bbpost_content\u00a0\u00bb type=\u00a0\u00bb4_4&Prime;][et_pb_image src=\u00a0\u00bbhttps:\/\/umnb.ca\/wp-content\/uploads\/2022\/10\/UMNB2022-Andrew-Release_Fr-scaled.jpg\u00a0\u00bb _builder_version=\u00a0\u00bb4.17.4&Prime; _module_preset=\u00a0\u00bbdefault\u00a0\u00bb theme_builder_area=\u00a0\u00bbpost_content\u00a0\u00bb hover_enabled=\u00a0\u00bb0&Prime; sticky_enabled=\u00a0\u00bb0&Prime;][\/et_pb_image][\/et_pb_column][\/et_pb_row][\/et_pb_section]<\/p>\n","protected":false},"excerpt":{"rendered":"","protected":false},"author":2,"featured_media":0,"comment_status":"closed","ping_status":"open","sticky":false,"template":"","format":"standard","meta":{"_et_pb_use_builder":"on","_et_pb_old_content":"","_et_gb_content_width":"","footnotes":""},"categories":[2],"tags":[],"class_list":["post-8582","post","type-post","status-publish","format-standard","hentry","category-non-classifiee"],"_links":{"self":[{"href":"https:\/\/umnb.ca\/fr\/wp-json\/wp\/v2\/posts\/8582\/"}],"collection":[{"href":"https:\/\/umnb.ca\/fr\/wp-json\/wp\/v2\/posts\/"}],"about":[{"href":"https:\/\/umnb.ca\/fr\/wp-json\/wp\/v2\/types\/post\/"}],"author":[{"embeddable":true,"href":"https:\/\/umnb.ca\/fr\/wp-json\/wp\/v2\/users\/2\/"}],"replies":[{"embeddable":true,"href":"https:\/\/umnb.ca\/fr\/wp-json\/wp\/v2\/comments\/?post=8582"}],"version-history":[{"count":2,"href":"https:\/\/umnb.ca\/fr\/wp-json\/wp\/v2\/posts\/8582\/revisions\/"}],"predecessor-version":[{"id":8586,"href":"https:\/\/umnb.ca\/fr\/wp-json\/wp\/v2\/posts\/8582\/revisions\/8586\/"}],"wp:attachment":[{"href":"https:\/\/umnb.ca\/fr\/wp-json\/wp\/v2\/media\/?parent=8582"}],"wp:term":[{"taxonomy":"category","embeddable":true,"href":"https:\/\/umnb.ca\/fr\/wp-json\/wp\/v2\/categories\/?post=8582"},{"taxonomy":"post_tag","embeddable":true,"href":"https:\/\/umnb.ca\/fr\/wp-json\/wp\/v2\/tags\/?post=8582"}],"curies":[{"name":"wp","href":"https:\/\/api.w.org\/{rel}","templated":true}]}}