{"id":8481,"date":"2022-09-21T14:34:07","date_gmt":"2022-09-21T14:34:07","guid":{"rendered":"https:\/\/umnb.ca\/?p=8481"},"modified":"2022-09-21T14:34:28","modified_gmt":"2022-09-21T14:34:28","slug":"bulletin-138","status":"publish","type":"post","link":"https:\/\/umnb.ca\/fr\/bulletin-138\/","title":{"rendered":"BULLETIN #138"},"content":{"rendered":"<p>[et_pb_section fb_built=\u00a0\u00bb1&Prime; _builder_version=\u00a0\u00bb4.16&Prime; _module_preset=\u00a0\u00bbdefault\u00a0\u00bb global_colors_info=\u00a0\u00bb{}\u00a0\u00bb theme_builder_area=\u00a0\u00bbpost_content\u00a0\u00bb][et_pb_row _builder_version=\u00a0\u00bb4.16&Prime; _module_preset=\u00a0\u00bbdefault\u00a0\u00bb global_colors_info=\u00a0\u00bb{}\u00a0\u00bb theme_builder_area=\u00a0\u00bbpost_content\u00a0\u00bb][et_pb_column type=\u00a0\u00bb4_4&Prime; _builder_version=\u00a0\u00bb4.16&Prime; _module_preset=\u00a0\u00bbdefault\u00a0\u00bb global_colors_info=\u00a0\u00bb{}\u00a0\u00bb theme_builder_area=\u00a0\u00bbpost_content\u00a0\u00bb][et_pb_text _builder_version=\u00a0\u00bb4.17.4&Prime; _module_preset=\u00a0\u00bbdefault\u00a0\u00bb inline_fonts=\u00a0\u00bbArial\u00a0\u00bb global_colors_info=\u00a0\u00bb{}\u00a0\u00bb theme_builder_area=\u00a0\u00bbpost_content\u00a0\u00bb]<\/p>\n<h3><span style=\"font-size: small;\">Bonne semaine de la municipalit\u00e9! Le mois de septembre a \u00e9t\u00e9 tr\u00e8s charg\u00e9 pour UMNB. Cette semaine, nous vous pr\u00e9sentons des mises \u00e0 jour du premier comit\u00e9 directeur provincial sur les services de police, une r\u00e9union sur les infrastructures avec le premier ministre Higgs et des notes de la s\u00e9ance d&rsquo;engagement sur les d\u00e9clarations d&rsquo;int\u00e9r\u00eat public. Cliquez sur le lien ci-dessous pour en savoir plus :<\/span><\/h3>\n<p><a href=\"https:\/\/umnb.ca\/wp-content\/uploads\/2022\/09\/BULLETIN-September-19_-19-septembre-2.pdf\"><strong><span style=\"font-size: medium; font-family: inherit;\">BULLETIN #138<\/span><\/strong><\/a><\/p>\n<p><span style=\"font-size: medium; font-family: inherit; font-weight: normal;\">Past issues of the Bulletin can be found on our\u00a0<a href=\"https:\/\/umnb.ca\/communications\/\">Communications<\/a>\u00a0page.<\/span><\/p>\n<p>[\/et_pb_text][\/et_pb_column][\/et_pb_row][\/et_pb_section]<\/p>\n","protected":false},"excerpt":{"rendered":"<p>Bonne semaine de la municipalit\u00e9! Le mois de septembre a \u00e9t\u00e9 tr\u00e8s charg\u00e9 pour UMNB. Cette semaine, nous vous pr\u00e9sentons des mises \u00e0 jour du premier comit\u00e9 directeur provincial sur les services de police, une r\u00e9union sur les infrastructures avec le premier ministre Higgs et des notes de la s\u00e9ance d&rsquo;engagement sur les d\u00e9clarations d&rsquo;int\u00e9r\u00eat [&hellip;]<\/p>\n","protected":false},"author":2,"featured_media":0,"comment_status":"closed","ping_status":"open","sticky":false,"template":"","format":"standard","meta":{"_et_pb_use_builder":"on","_et_pb_old_content":"","_et_gb_content_width":"","footnotes":""},"categories":[2],"tags":[],"class_list":["post-8481","post","type-post","status-publish","format-standard","hentry","category-non-classifiee"],"_links":{"self":[{"href":"https:\/\/umnb.ca\/fr\/wp-json\/wp\/v2\/posts\/8481\/"}],"collection":[{"href":"https:\/\/umnb.ca\/fr\/wp-json\/wp\/v2\/posts\/"}],"about":[{"href":"https:\/\/umnb.ca\/fr\/wp-json\/wp\/v2\/types\/post\/"}],"author":[{"embeddable":true,"href":"https:\/\/umnb.ca\/fr\/wp-json\/wp\/v2\/users\/2\/"}],"replies":[{"embeddable":true,"href":"https:\/\/umnb.ca\/fr\/wp-json\/wp\/v2\/comments\/?post=8481"}],"version-history":[{"count":2,"href":"https:\/\/umnb.ca\/fr\/wp-json\/wp\/v2\/posts\/8481\/revisions\/"}],"predecessor-version":[{"id":8484,"href":"https:\/\/umnb.ca\/fr\/wp-json\/wp\/v2\/posts\/8481\/revisions\/8484\/"}],"wp:attachment":[{"href":"https:\/\/umnb.ca\/fr\/wp-json\/wp\/v2\/media\/?parent=8481"}],"wp:term":[{"taxonomy":"category","embeddable":true,"href":"https:\/\/umnb.ca\/fr\/wp-json\/wp\/v2\/categories\/?post=8481"},{"taxonomy":"post_tag","embeddable":true,"href":"https:\/\/umnb.ca\/fr\/wp-json\/wp\/v2\/tags\/?post=8481"}],"curies":[{"name":"wp","href":"https:\/\/api.w.org\/{rel}","templated":true}]}}