{"id":8433,"date":"2022-09-15T14:08:42","date_gmt":"2022-09-15T14:08:42","guid":{"rendered":"https:\/\/umnb.ca\/?p=8433"},"modified":"2022-09-15T14:08:43","modified_gmt":"2022-09-15T14:08:43","slug":"bulletin-137-programme-de-la-conference","status":"publish","type":"post","link":"https:\/\/umnb.ca\/fr\/bulletin-137-programme-de-la-conference\/","title":{"rendered":"BULLETIN #137 &#8211; Programme de la conf\u00e9rence"},"content":{"rendered":"<p>[et_pb_section fb_built=\u00a0\u00bb1&Prime; _builder_version=\u00a0\u00bb4.16&Prime; _module_preset=\u00a0\u00bbdefault\u00a0\u00bb global_colors_info=\u00a0\u00bb{}\u00a0\u00bb theme_builder_area=\u00a0\u00bbpost_content\u00a0\u00bb][et_pb_row _builder_version=\u00a0\u00bb4.16&Prime; _module_preset=\u00a0\u00bbdefault\u00a0\u00bb global_colors_info=\u00a0\u00bb{}\u00a0\u00bb theme_builder_area=\u00a0\u00bbpost_content\u00a0\u00bb][et_pb_column type=\u00a0\u00bb4_4&Prime; _builder_version=\u00a0\u00bb4.16&Prime; _module_preset=\u00a0\u00bbdefault\u00a0\u00bb global_colors_info=\u00a0\u00bb{}\u00a0\u00bb theme_builder_area=\u00a0\u00bbpost_content\u00a0\u00bb][et_pb_text _builder_version=\u00a0\u00bb4.16&Prime; _module_preset=\u00a0\u00bbdefault\u00a0\u00bb global_colors_info=\u00a0\u00bb{}\u00a0\u00bb theme_builder_area=\u00a0\u00bbpost_content\u00a0\u00bb]<\/p>\n<p><span style=\"font-weight: 400;\">Bienvenue \u00e0 une nouvelle \u00e9dition hebdomadaire du Bulletin. Nous avons peut-\u00eatre quelques jours de retard cette semaine, mais nous vous promettons que nous avons des informations que vous ne voudrez pas manquer. Continuez \u00e0 lire pour voir la publication tr\u00e8s attendue du calendrier de notre conf\u00e9rence annuelle, des informations sur la Semaine de la municipalit\u00e9 et des notes sur la premi\u00e8re r\u00e9union de UMNB avec la chef lib\u00e9rale provinciale Susan Holt. <\/span><\/p>\n<p><strong><a href=\"https:\/\/umnb.ca\/wp-content\/uploads\/2022\/09\/BULLETIN-September-14_-14-septembre-1.pdf\">BULLETIN #137<\/a><\/strong><\/p>\n<p><span>Les \u00e9ditions pr\u00e9c\u00e9dentes du Bulletin se trouvent sur notre page<\/span><span>\u00a0<\/span><strong><a href=\"https:\/\/umnb.ca\/fr\/communications\/\">Communications.<\/a><\/strong><\/p>\n<p>[\/et_pb_text][\/et_pb_column][\/et_pb_row][\/et_pb_section]<\/p>\n","protected":false},"excerpt":{"rendered":"<p>Bienvenue \u00e0 une nouvelle \u00e9dition hebdomadaire du Bulletin. Nous avons peut-\u00eatre quelques jours de retard cette semaine, mais nous vous promettons que nous avons des informations que vous ne voudrez pas manquer. Continuez \u00e0 lire pour voir la publication tr\u00e8s attendue du calendrier de notre conf\u00e9rence annuelle, des informations sur la Semaine de la municipalit\u00e9 [&hellip;]<\/p>\n","protected":false},"author":2,"featured_media":0,"comment_status":"closed","ping_status":"open","sticky":false,"template":"","format":"standard","meta":{"_et_pb_use_builder":"on","_et_pb_old_content":"","_et_gb_content_width":"","footnotes":""},"categories":[2],"tags":[],"class_list":["post-8433","post","type-post","status-publish","format-standard","hentry","category-non-classifiee"],"_links":{"self":[{"href":"https:\/\/umnb.ca\/fr\/wp-json\/wp\/v2\/posts\/8433\/"}],"collection":[{"href":"https:\/\/umnb.ca\/fr\/wp-json\/wp\/v2\/posts\/"}],"about":[{"href":"https:\/\/umnb.ca\/fr\/wp-json\/wp\/v2\/types\/post\/"}],"author":[{"embeddable":true,"href":"https:\/\/umnb.ca\/fr\/wp-json\/wp\/v2\/users\/2\/"}],"replies":[{"embeddable":true,"href":"https:\/\/umnb.ca\/fr\/wp-json\/wp\/v2\/comments\/?post=8433"}],"version-history":[{"count":2,"href":"https:\/\/umnb.ca\/fr\/wp-json\/wp\/v2\/posts\/8433\/revisions\/"}],"predecessor-version":[{"id":8436,"href":"https:\/\/umnb.ca\/fr\/wp-json\/wp\/v2\/posts\/8433\/revisions\/8436\/"}],"wp:attachment":[{"href":"https:\/\/umnb.ca\/fr\/wp-json\/wp\/v2\/media\/?parent=8433"}],"wp:term":[{"taxonomy":"category","embeddable":true,"href":"https:\/\/umnb.ca\/fr\/wp-json\/wp\/v2\/categories\/?post=8433"},{"taxonomy":"post_tag","embeddable":true,"href":"https:\/\/umnb.ca\/fr\/wp-json\/wp\/v2\/tags\/?post=8433"}],"curies":[{"name":"wp","href":"https:\/\/api.w.org\/{rel}","templated":true}]}}