{"id":8320,"date":"2022-08-08T18:49:11","date_gmt":"2022-08-08T18:49:11","guid":{"rendered":"https:\/\/umnb.ca\/?p=8320"},"modified":"2022-08-08T18:52:34","modified_gmt":"2022-08-08T18:52:34","slug":"8320","status":"publish","type":"post","link":"https:\/\/umnb.ca\/fr\/8320\/","title":{"rendered":"BULLETIN #132"},"content":{"rendered":"\n<p><\/p>\n\n\n\n[et_pb_section fb_built=\u00a0\u00bb1&Prime; _builder_version=\u00a0\u00bb4.16&Prime; _module_preset=\u00a0\u00bbdefault\u00a0\u00bb global_colors_info=\u00a0\u00bb{}\u00a0\u00bb theme_builder_area=\u00a0\u00bbpost_content\u00a0\u00bb][et_pb_row _builder_version=\u00a0\u00bb4.16&Prime; _module_preset=\u00a0\u00bbdefault\u00a0\u00bb global_colors_info=\u00a0\u00bb{}\u00a0\u00bb theme_builder_area=\u00a0\u00bbpost_content\u00a0\u00bb][et_pb_column type=\u00a0\u00bb4_4&Prime; _builder_version=\u00a0\u00bb4.16&Prime; _module_preset=\u00a0\u00bbdefault\u00a0\u00bb global_colors_info=\u00a0\u00bb{}\u00a0\u00bb theme_builder_area=\u00a0\u00bbpost_content\u00a0\u00bb][et_pb_text _builder_version=\u00a0\u00bb4.16&Prime; _module_preset=\u00a0\u00bbdefault\u00a0\u00bb global_colors_info=\u00a0\u00bb{}\u00a0\u00bb theme_builder_area=\u00a0\u00bbpost_content\u00a0\u00bb]<p><span style=\"font-weight: 400;\">Bienvenue \u00e0 une autre dose hebdomadaire du Bulletin. Cette semaine, nous vous pr\u00e9sentons une r\u00e9union de la Zone 5, la prochaine r\u00e9union du Conseil d&rsquo;administration et de nombreux \u00e9v\u00e9nements qui se d\u00e9roulent dans la province.\u00a0 Si votre communaut\u00e9 organise un \u00e9v\u00e9nement en ao\u00fbt, envoyez un courriel \u00e0 info@umnb.ca pour qu&rsquo;il soit ajout\u00e9 \u00e0 notre prochain Bulletin. <\/span><\/p>\n<p><a href=\"https:\/\/umnb.ca\/wp-content\/uploads\/2022\/08\/BULLETIN-August-8_-8-aout.pdf\">BULLETIN #132\u00a0<\/a><\/p>\n<p><span>Les \u00e9ditions pr\u00e9c\u00e9dentes du Bulletin se trouvent sur notre page<\/span><span>\u00a0<\/span><a href=\"https:\/\/umnb.ca\/fr\/communications\/\">Communications<span>.<\/span><\/a><\/p>[\/et_pb_text][\/et_pb_column][\/et_pb_row][\/et_pb_section]\n","protected":false},"excerpt":{"rendered":"<p>Bienvenue \u00e0 une autre dose hebdomadaire du Bulletin. Cette semaine, nous vous pr\u00e9sentons une r\u00e9union de la Zone 5, la prochaine r\u00e9union du Conseil d&rsquo;administration et de nombreux \u00e9v\u00e9nements qui se d\u00e9roulent dans la province.\u00a0 Si votre communaut\u00e9 organise un \u00e9v\u00e9nement en ao\u00fbt, envoyez un courriel \u00e0 info@umnb.ca pour qu&rsquo;il soit ajout\u00e9 \u00e0 notre prochain [&hellip;]<\/p>\n","protected":false},"author":2,"featured_media":0,"comment_status":"closed","ping_status":"open","sticky":false,"template":"","format":"standard","meta":{"_et_pb_use_builder":"on","_et_pb_old_content":"","_et_gb_content_width":"","footnotes":""},"categories":[2],"tags":[],"class_list":["post-8320","post","type-post","status-publish","format-standard","hentry","category-non-classifiee"],"_links":{"self":[{"href":"https:\/\/umnb.ca\/fr\/wp-json\/wp\/v2\/posts\/8320\/"}],"collection":[{"href":"https:\/\/umnb.ca\/fr\/wp-json\/wp\/v2\/posts\/"}],"about":[{"href":"https:\/\/umnb.ca\/fr\/wp-json\/wp\/v2\/types\/post\/"}],"author":[{"embeddable":true,"href":"https:\/\/umnb.ca\/fr\/wp-json\/wp\/v2\/users\/2\/"}],"replies":[{"embeddable":true,"href":"https:\/\/umnb.ca\/fr\/wp-json\/wp\/v2\/comments\/?post=8320"}],"version-history":[{"count":3,"href":"https:\/\/umnb.ca\/fr\/wp-json\/wp\/v2\/posts\/8320\/revisions\/"}],"predecessor-version":[{"id":8324,"href":"https:\/\/umnb.ca\/fr\/wp-json\/wp\/v2\/posts\/8320\/revisions\/8324\/"}],"wp:attachment":[{"href":"https:\/\/umnb.ca\/fr\/wp-json\/wp\/v2\/media\/?parent=8320"}],"wp:term":[{"taxonomy":"category","embeddable":true,"href":"https:\/\/umnb.ca\/fr\/wp-json\/wp\/v2\/categories\/?post=8320"},{"taxonomy":"post_tag","embeddable":true,"href":"https:\/\/umnb.ca\/fr\/wp-json\/wp\/v2\/tags\/?post=8320"}],"curies":[{"name":"wp","href":"https:\/\/api.w.org\/{rel}","templated":true}]}}