{"id":8159,"date":"2022-06-20T19:15:07","date_gmt":"2022-06-20T19:15:07","guid":{"rendered":"https:\/\/umnb.ca\/?p=8159"},"modified":"2022-06-20T20:02:44","modified_gmt":"2022-06-20T20:02:44","slug":"bulletin-125-commentaires-sur-la-perequation-et-les-subventions-communautaires","status":"publish","type":"post","link":"https:\/\/umnb.ca\/fr\/bulletin-125-commentaires-sur-la-perequation-et-les-subventions-communautaires\/","title":{"rendered":"BULLETIN #125 &#8211; Commentaires sur la p\u00e9r\u00e9quation et les subventions communautaires"},"content":{"rendered":"<p>[et_pb_section fb_built=\u00a0\u00bb1&Prime; _builder_version=\u00a0\u00bb4.16&Prime; _module_preset=\u00a0\u00bbdefault\u00a0\u00bb global_colors_info=\u00a0\u00bb{}\u00a0\u00bb][et_pb_row _builder_version=\u00a0\u00bb4.16&Prime; _module_preset=\u00a0\u00bbdefault\u00a0\u00bb global_colors_info=\u00a0\u00bb{}\u00a0\u00bb][et_pb_column type=\u00a0\u00bb4_4&Prime; _builder_version=\u00a0\u00bb4.16&Prime; _module_preset=\u00a0\u00bbdefault\u00a0\u00bb global_colors_info=\u00a0\u00bb{}\u00a0\u00bb][et_pb_text _builder_version=\u00a0\u00bb4.16&Prime; _module_preset=\u00a0\u00bbdefault\u00a0\u00bb global_colors_info=\u00a0\u00bb{}\u00a0\u00bb]<\/p>\n<p>Bienvenue \u00e0 une nouvelle semaine du Bulletin ! Cette semaine, nous vous pr\u00e9sentons une mise \u00e0 jour sur le financement de la p\u00e9r\u00e9quation et des subventions communautaires, une r\u00e9capitulation de la r\u00e9union de la Zone 2 et un rappel que cette semaine est la derni\u00e8re semaine compl\u00e8te pour b\u00e9n\u00e9ficier du tarif pr\u00e9f\u00e9rentiel pour notre conf\u00e9rence annuelle et notre AGA. Nous sommes impatients de vous tenir au courant la semaine prochaine avec une r\u00e9capitulation du PCM.<\/p>\n<p><a href=\"https:\/\/umnb.ca\/wp-content\/uploads\/2022\/06\/BULLETIN-June-20_-20-juin.pdf\">BULLETIN #125 &#8211; June 20\/ 20 juin<\/a><\/p>\n<p><span>Les \u00e9ditions pr\u00e9c\u00e9dentes du Bulletin se trouvent sur notre page<\/span> <a href=\"https:\/\/umnb.ca\/communications\/\">Communications<\/a>.<\/p>\n<p>[\/et_pb_text][\/et_pb_column][\/et_pb_row][\/et_pb_section]<\/p>\n","protected":false},"excerpt":{"rendered":"<p>Bienvenue \u00e0 une nouvelle semaine du Bulletin ! Cette semaine, nous vous pr\u00e9sentons une mise \u00e0 jour sur le financement de la p\u00e9r\u00e9quation et des subventions communautaires, une r\u00e9capitulation de la r\u00e9union de la Zone 2 et un rappel que cette semaine est la derni\u00e8re semaine compl\u00e8te pour b\u00e9n\u00e9ficier du tarif pr\u00e9f\u00e9rentiel pour notre conf\u00e9rence [&hellip;]<\/p>\n","protected":false},"author":2,"featured_media":0,"comment_status":"closed","ping_status":"open","sticky":false,"template":"","format":"standard","meta":{"_et_pb_use_builder":"on","_et_pb_old_content":"","_et_gb_content_width":"","footnotes":""},"categories":[2],"tags":[],"class_list":["post-8159","post","type-post","status-publish","format-standard","hentry","category-non-classifiee"],"_links":{"self":[{"href":"https:\/\/umnb.ca\/fr\/wp-json\/wp\/v2\/posts\/8159\/"}],"collection":[{"href":"https:\/\/umnb.ca\/fr\/wp-json\/wp\/v2\/posts\/"}],"about":[{"href":"https:\/\/umnb.ca\/fr\/wp-json\/wp\/v2\/types\/post\/"}],"author":[{"embeddable":true,"href":"https:\/\/umnb.ca\/fr\/wp-json\/wp\/v2\/users\/2\/"}],"replies":[{"embeddable":true,"href":"https:\/\/umnb.ca\/fr\/wp-json\/wp\/v2\/comments\/?post=8159"}],"version-history":[{"count":8,"href":"https:\/\/umnb.ca\/fr\/wp-json\/wp\/v2\/posts\/8159\/revisions\/"}],"predecessor-version":[{"id":8171,"href":"https:\/\/umnb.ca\/fr\/wp-json\/wp\/v2\/posts\/8159\/revisions\/8171\/"}],"wp:attachment":[{"href":"https:\/\/umnb.ca\/fr\/wp-json\/wp\/v2\/media\/?parent=8159"}],"wp:term":[{"taxonomy":"category","embeddable":true,"href":"https:\/\/umnb.ca\/fr\/wp-json\/wp\/v2\/categories\/?post=8159"},{"taxonomy":"post_tag","embeddable":true,"href":"https:\/\/umnb.ca\/fr\/wp-json\/wp\/v2\/tags\/?post=8159"}],"curies":[{"name":"wp","href":"https:\/\/api.w.org\/{rel}","templated":true}]}}