{"id":7765,"date":"2022-04-04T19:48:46","date_gmt":"2022-04-04T19:48:46","guid":{"rendered":"https:\/\/umnb.ca\/?p=7765"},"modified":"2022-06-08T15:49:11","modified_gmt":"2022-06-08T15:49:11","slug":"bulletin-114","status":"publish","type":"post","link":"https:\/\/umnb.ca\/fr\/bulletin-114\/","title":{"rendered":"BULLETIN #114"},"content":{"rendered":"<p>[et_pb_section fb_built=\u00a0\u00bb1&Prime; _builder_version=\u00a0\u00bb4.16&Prime; global_colors_info=\u00a0\u00bb{}\u00a0\u00bb theme_builder_area=\u00a0\u00bbpost_content\u00a0\u00bb][et_pb_row _builder_version=\u00a0\u00bb4.16&Prime; global_colors_info=\u00a0\u00bb{}\u00a0\u00bb theme_builder_area=\u00a0\u00bbpost_content\u00a0\u00bb][et_pb_column type=\u00a0\u00bb4_4&Prime; _builder_version=\u00a0\u00bb4.16&Prime; custom_padding=\u00a0\u00bb|||\u00a0\u00bb global_colors_info=\u00a0\u00bb{}\u00a0\u00bb custom_padding__hover=\u00a0\u00bb|||\u00a0\u00bb theme_builder_area=\u00a0\u00bbpost_content\u00a0\u00bb][et_pb_text _builder_version=\u00a0\u00bb4.16&Prime; global_colors_info=\u00a0\u00bb{}\u00a0\u00bb theme_builder_area=\u00a0\u00bbpost_content\u00a0\u00bb]<\/p>\n<p>C&rsquo;est de nouveau ce jour de la semaine, joyeux lecteurs du lundi ! Cette semaine, nous vous pr\u00e9sentons une r\u00e9capitulation du d\u00eener sur l&rsquo;\u00e9tat de la province, au cours duquel un certain nombre de nos municipalit\u00e9s \u00e9taient repr\u00e9sent\u00e9es, le retour du Conseil municipal provincial et une date \u00e0 retenir pour une s\u00e9ance d&rsquo;engagement sur la politique canadienne du sport qui aura lieu le 28 avril par le biais du zoom.<\/p>\n<p><a href=\"https:\/\/umnb.ca\/wp-content\/uploads\/2022\/04\/Bulletin-April-4-2022.pdf\">Bulletin &#8211; 4 avril 2022<\/a><\/p>\n<p>Les \u00e9ditions pr\u00e9c\u00e9dentes du Bulletin se trouvent sur notre page\u00a0<a href=\"https:\/\/umnb.us3.list-manage.com\/track\/click?u=35bd72955d43547de682e456f&amp;id=b9a95bfc1d&amp;e=16c33e1e6a\" target=\"_blank\" rel=\"noopener noreferrer\" data-saferedirecturl=\"https:\/\/www.google.com\/url?q=https:\/\/umnb.us3.list-manage.com\/track\/click?u%3D35bd72955d43547de682e456f%26id%3Db9a95bfc1d%26e%3D16c33e1e6a&amp;source=gmail&amp;ust=1605637474563000&amp;usg=AFQjCNER6NgYCRzVaSEi_kkB4TkEnfmoEg\">Communications<\/a>.<\/p>\n<p>[\/et_pb_text][\/et_pb_column][\/et_pb_row][\/et_pb_section]<\/p>\n","protected":false},"excerpt":{"rendered":"<p>C&rsquo;est de nouveau ce jour de la semaine, joyeux lecteurs du lundi ! Cette semaine, nous vous pr\u00e9sentons une r\u00e9capitulation du d\u00eener sur l&rsquo;\u00e9tat de la province, au cours duquel un certain nombre de nos municipalit\u00e9s \u00e9taient repr\u00e9sent\u00e9es, le retour du Conseil municipal provincial et une date \u00e0 retenir pour une s\u00e9ance d&rsquo;engagement sur la [&hellip;]<\/p>\n","protected":false},"author":2,"featured_media":0,"comment_status":"closed","ping_status":"open","sticky":false,"template":"","format":"standard","meta":{"_et_pb_use_builder":"on","_et_pb_old_content":"","_et_gb_content_width":"","footnotes":""},"categories":[2],"tags":[],"class_list":["post-7765","post","type-post","status-publish","format-standard","hentry","category-non-classifiee"],"_links":{"self":[{"href":"https:\/\/umnb.ca\/fr\/wp-json\/wp\/v2\/posts\/7765\/"}],"collection":[{"href":"https:\/\/umnb.ca\/fr\/wp-json\/wp\/v2\/posts\/"}],"about":[{"href":"https:\/\/umnb.ca\/fr\/wp-json\/wp\/v2\/types\/post\/"}],"author":[{"embeddable":true,"href":"https:\/\/umnb.ca\/fr\/wp-json\/wp\/v2\/users\/2\/"}],"replies":[{"embeddable":true,"href":"https:\/\/umnb.ca\/fr\/wp-json\/wp\/v2\/comments\/?post=7765"}],"version-history":[{"count":3,"href":"https:\/\/umnb.ca\/fr\/wp-json\/wp\/v2\/posts\/7765\/revisions\/"}],"predecessor-version":[{"id":8071,"href":"https:\/\/umnb.ca\/fr\/wp-json\/wp\/v2\/posts\/7765\/revisions\/8071\/"}],"wp:attachment":[{"href":"https:\/\/umnb.ca\/fr\/wp-json\/wp\/v2\/media\/?parent=7765"}],"wp:term":[{"taxonomy":"category","embeddable":true,"href":"https:\/\/umnb.ca\/fr\/wp-json\/wp\/v2\/categories\/?post=7765"},{"taxonomy":"post_tag","embeddable":true,"href":"https:\/\/umnb.ca\/fr\/wp-json\/wp\/v2\/tags\/?post=7765"}],"curies":[{"name":"wp","href":"https:\/\/api.w.org\/{rel}","templated":true}]}}