{"id":7533,"date":"2022-01-24T18:18:31","date_gmt":"2022-01-24T18:18:31","guid":{"rendered":"https:\/\/umnb.ca\/?p=7533"},"modified":"2022-01-24T18:18:31","modified_gmt":"2022-01-24T18:18:31","slug":"bulletin-nouveau-membre-de-lequipe-comite-climat-et-transitions","status":"publish","type":"post","link":"https:\/\/umnb.ca\/fr\/bulletin-nouveau-membre-de-lequipe-comite-climat-et-transitions\/","title":{"rendered":"Bulletin : Nouveau membre de l&rsquo;\u00e9quipe, comit\u00e9 climat et transitions"},"content":{"rendered":"<p>[et_pb_section fb_built=\u00a0\u00bb1&Prime; _builder_version=\u00a0\u00bb3.22&Prime; global_colors_info=\u00a0\u00bb{}\u00a0\u00bb theme_builder_area=\u00a0\u00bbpost_content\u00a0\u00bb][et_pb_row _builder_version=\u00a0\u00bb3.25&Prime; custom_padding=\u00a0\u00bb0|0px|27px|0px|false|false\u00a0\u00bb global_colors_info=\u00a0\u00bb{}\u00a0\u00bb theme_builder_area=\u00a0\u00bbpost_content\u00a0\u00bb][et_pb_column type=\u00a0\u00bb4_4&Prime; _builder_version=\u00a0\u00bb3.25&Prime; custom_padding=\u00a0\u00bb|||\u00a0\u00bb global_colors_info=\u00a0\u00bb{}\u00a0\u00bb custom_padding__hover=\u00a0\u00bb|||\u00a0\u00bb theme_builder_area=\u00a0\u00bbpost_content\u00a0\u00bb][et_pb_text _builder_version=\u00a0\u00bb4.10.8&Prime; global_colors_info=\u00a0\u00bb{}\u00a0\u00bb theme_builder_area=\u00a0\u00bbpost_content\u00a0\u00bb]<\/p>\n<p>Bienvenue au voyage inaugural de Dan sur le bon navire Bulletin. Cette semaine, nous r\u00e9sumons la pr\u00e9sentation de l&rsquo;UMNB au Comit\u00e9 sur le changement climatique, l&rsquo;annonce des facilitateurs de la transition de la r\u00e9forme, et nous commen\u00e7ons \u00e0 chercher un nouveau membre de l&rsquo;\u00e9quipe.<\/p>\n<p><a href=\"https:\/\/umnb.ca\/wp-content\/uploads\/2022\/01\/2022_01_24-UMNB-Bulletin.pdf\">https:\/\/umnb.ca\/wp-content\/uploads\/2022\/01\/2022_01_24-UMNB-Bulletin.pdf<\/a><\/p>\n<p>Les anciens num\u00e9ros du Bulletin sont disponibles sur notre page Communications.<\/p>\n<p>&nbsp;<\/p>\n<p>[\/et_pb_text][\/et_pb_column][\/et_pb_row][\/et_pb_section]<\/p>\n","protected":false},"excerpt":{"rendered":"<p>Bienvenue au voyage inaugural de Dan sur le bon navire Bulletin. Cette semaine, nous r\u00e9sumons la pr\u00e9sentation de l&rsquo;UMNB au Comit\u00e9 sur le changement climatique, l&rsquo;annonce des facilitateurs de la transition de la r\u00e9forme, et nous commen\u00e7ons \u00e0 chercher un nouveau membre de l&rsquo;\u00e9quipe. https:\/\/umnb.ca\/wp-content\/uploads\/2022\/01\/2022_01_24-UMNB-Bulletin.pdf Les anciens num\u00e9ros du Bulletin sont disponibles sur notre page [&hellip;]<\/p>\n","protected":false},"author":2,"featured_media":0,"comment_status":"closed","ping_status":"open","sticky":false,"template":"","format":"standard","meta":{"_et_pb_use_builder":"on","_et_pb_old_content":"","_et_gb_content_width":"","footnotes":""},"categories":[2],"tags":[],"class_list":["post-7533","post","type-post","status-publish","format-standard","hentry","category-non-classifiee"],"_links":{"self":[{"href":"https:\/\/umnb.ca\/fr\/wp-json\/wp\/v2\/posts\/7533\/"}],"collection":[{"href":"https:\/\/umnb.ca\/fr\/wp-json\/wp\/v2\/posts\/"}],"about":[{"href":"https:\/\/umnb.ca\/fr\/wp-json\/wp\/v2\/types\/post\/"}],"author":[{"embeddable":true,"href":"https:\/\/umnb.ca\/fr\/wp-json\/wp\/v2\/users\/2\/"}],"replies":[{"embeddable":true,"href":"https:\/\/umnb.ca\/fr\/wp-json\/wp\/v2\/comments\/?post=7533"}],"version-history":[{"count":3,"href":"https:\/\/umnb.ca\/fr\/wp-json\/wp\/v2\/posts\/7533\/revisions\/"}],"predecessor-version":[{"id":7536,"href":"https:\/\/umnb.ca\/fr\/wp-json\/wp\/v2\/posts\/7533\/revisions\/7536\/"}],"wp:attachment":[{"href":"https:\/\/umnb.ca\/fr\/wp-json\/wp\/v2\/media\/?parent=7533"}],"wp:term":[{"taxonomy":"category","embeddable":true,"href":"https:\/\/umnb.ca\/fr\/wp-json\/wp\/v2\/categories\/?post=7533"},{"taxonomy":"post_tag","embeddable":true,"href":"https:\/\/umnb.ca\/fr\/wp-json\/wp\/v2\/tags\/?post=7533"}],"curies":[{"name":"wp","href":"https:\/\/api.w.org\/{rel}","templated":true}]}}