{"id":7502,"date":"2022-01-17T22:48:20","date_gmt":"2022-01-17T22:48:20","guid":{"rendered":"https:\/\/umnb.ca\/bulletin-transition-du-personnel-comite-sur-le-changement-climatique-et-plus-encore\/"},"modified":"2022-01-17T22:48:20","modified_gmt":"2022-01-17T22:48:20","slug":"bulletin-transition-du-personnel-comite-sur-le-changement-climatique-et-plus-encore","status":"publish","type":"post","link":"https:\/\/umnb.ca\/fr\/bulletin-transition-du-personnel-comite-sur-le-changement-climatique-et-plus-encore\/","title":{"rendered":"Bulletin : Transition du personnel, comit\u00e9 sur le changement climatique, et plus encore"},"content":{"rendered":"<p>[et_pb_section fb_built=\u00a0\u00bb1&Prime; _builder_version=\u00a0\u00bb3.22&Prime; global_colors_info=\u00a0\u00bb{}\u00a0\u00bb theme_builder_area=\u00a0\u00bbpost_content\u00a0\u00bb][et_pb_row _builder_version=\u00a0\u00bb3.25&Prime; global_colors_info=\u00a0\u00bb{}\u00a0\u00bb theme_builder_area=\u00a0\u00bbpost_content\u00a0\u00bb][et_pb_column type=\u00a0\u00bb4_4&Prime; _builder_version=\u00a0\u00bb3.25&Prime; custom_padding=\u00a0\u00bb|||\u00a0\u00bb global_colors_info=\u00a0\u00bb{}\u00a0\u00bb custom_padding__hover=\u00a0\u00bb|||\u00a0\u00bb theme_builder_area=\u00a0\u00bbpost_content\u00a0\u00bb][et_pb_text _builder_version=\u00a0\u00bb4.14.6&Prime; hover_enabled=\u00a0\u00bb0&Prime; global_colors_info=\u00a0\u00bb{}\u00a0\u00bb theme_builder_area=\u00a0\u00bbpost_content\u00a0\u00bb sticky_enabled=\u00a0\u00bb0&Prime;]Transition du personnel, pr\u00e9sentation au Comit\u00e9 permanent sur le changement climatique, mises \u00e0 jour sur la r\u00e9forme et les orientations COVID-19, et un rappel de notre prochain webinaire sur le logement abordable dans le bulletin de cette semaine : <a href=\"https:\/\/umnb.ca\/wp-content\/uploads\/2022\/01\/2022_01_17-UMNB-Bulletin.pdf\">https:\/\/umnb.ca\/wp-content\/uploads\/2022\/01\/2022_01_17-UMNB-Bulletin.pdf<\/a><\/p>\n<p>Les \u00e9ditions pr\u00e9c\u00e9dentes du Bulletin se trouvent sur notre page\u00a0<a href=\"https:\/\/umnb.ca\/fr\/communications\/\">Communications<\/a>.[\/et_pb_text][\/et_pb_column][\/et_pb_row][\/et_pb_section]<\/p>\n","protected":false},"excerpt":{"rendered":"<p>Transition du personnel, pr\u00e9sentation au Comit\u00e9 permanent sur le changement climatique, mises \u00e0 jour sur la r\u00e9forme et les orientations COVID-19, et un rappel de notre prochain webinaire sur le logement abordable dans le bulletin de cette semaine : https:\/\/umnb.ca\/wp-content\/uploads\/2022\/01\/2022_01_17-UMNB-Bulletin.pdf Les \u00e9ditions pr\u00e9c\u00e9dentes du Bulletin se trouvent sur notre page\u00a0Communications.<\/p>\n","protected":false},"author":2,"featured_media":0,"comment_status":"closed","ping_status":"open","sticky":false,"template":"","format":"standard","meta":{"_et_pb_use_builder":"on","_et_pb_old_content":"","_et_gb_content_width":"","footnotes":""},"categories":[2],"tags":[],"class_list":["post-7502","post","type-post","status-publish","format-standard","hentry","category-non-classifiee"],"_links":{"self":[{"href":"https:\/\/umnb.ca\/fr\/wp-json\/wp\/v2\/posts\/7502\/"}],"collection":[{"href":"https:\/\/umnb.ca\/fr\/wp-json\/wp\/v2\/posts\/"}],"about":[{"href":"https:\/\/umnb.ca\/fr\/wp-json\/wp\/v2\/types\/post\/"}],"author":[{"embeddable":true,"href":"https:\/\/umnb.ca\/fr\/wp-json\/wp\/v2\/users\/2\/"}],"replies":[{"embeddable":true,"href":"https:\/\/umnb.ca\/fr\/wp-json\/wp\/v2\/comments\/?post=7502"}],"version-history":[{"count":1,"href":"https:\/\/umnb.ca\/fr\/wp-json\/wp\/v2\/posts\/7502\/revisions\/"}],"predecessor-version":[{"id":7503,"href":"https:\/\/umnb.ca\/fr\/wp-json\/wp\/v2\/posts\/7502\/revisions\/7503\/"}],"wp:attachment":[{"href":"https:\/\/umnb.ca\/fr\/wp-json\/wp\/v2\/media\/?parent=7502"}],"wp:term":[{"taxonomy":"category","embeddable":true,"href":"https:\/\/umnb.ca\/fr\/wp-json\/wp\/v2\/categories\/?post=7502"},{"taxonomy":"post_tag","embeddable":true,"href":"https:\/\/umnb.ca\/fr\/wp-json\/wp\/v2\/tags\/?post=7502"}],"curies":[{"name":"wp","href":"https:\/\/api.w.org\/{rel}","templated":true}]}}