{"id":12919,"date":"2025-03-31T18:30:08","date_gmt":"2025-03-31T18:30:08","guid":{"rendered":"https:\/\/umnb.ca\/article-en-partenariat-accommoder-la-religion-5-questions-frequentes-des-employeurs\/"},"modified":"2025-03-31T18:54:54","modified_gmt":"2025-03-31T18:54:54","slug":"article-en-partenariat-accommoder-la-religion-5-questions-frequentes-des-employeurs","status":"publish","type":"post","link":"https:\/\/umnb.ca\/fr\/article-en-partenariat-accommoder-la-religion-5-questions-frequentes-des-employeurs\/","title":{"rendered":"Article en partenariat : Accommoder la religion : 5 questions fr\u00e9quentes des employeurs"},"content":{"rendered":"<p>[et_pb_section fb_built=\u00a0\u00bb1&Prime; _builder_version=\u00a0\u00bb4.16&Prime; _module_preset=\u00a0\u00bbdefault\u00a0\u00bb custom_padding=\u00a0\u00bb0px|||||\u00a0\u00bb global_colors_info=\u00a0\u00bb{}\u00a0\u00bb][et_pb_row _builder_version=\u00a0\u00bb4.16&Prime; _module_preset=\u00a0\u00bbdefault\u00a0\u00bb min_height=\u00a0\u00bb1890.7px\u00a0\u00bb global_colors_info=\u00a0\u00bb{}\u00a0\u00bb][et_pb_column type=\u00a0\u00bb4_4&Prime; _builder_version=\u00a0\u00bb4.16&Prime; _module_preset=\u00a0\u00bbdefault\u00a0\u00bb global_colors_info=\u00a0\u00bb{}\u00a0\u00bb][et_pb_text _builder_version=\u00a0\u00bb4.17.4&Prime; _module_preset=\u00a0\u00bbdefault\u00a0\u00bb custom_padding=\u00a0\u00bb||0px|||\u00a0\u00bb global_colors_info=\u00a0\u00bb{}\u00a0\u00bb]<\/p>\n<p><span style=\"font-size: 15px;\">By McInnes Cooper<\/span><span style=\"font-weight: 400;\"><\/span><\/p>\n<p><span style=\"font-weight: 400;\">L&rsquo;<\/span><a href=\"https:\/\/www.mcinnescooper.com\/publications\/5-faqs-about-the-duty-to-accommodate\/\"><span style=\"font-weight: 400;\">obligation l\u00e9gale des employeurs d&rsquo;accommoder<\/span><\/a><span style=\"font-weight: 400;\"> leurs employ\u00e9s semble le plus souvent se poser dans le contexte des employ\u00e9s handicap\u00e9s. Mais cette obligation s&rsquo;\u00e9tend \u00e0 toutes les caract\u00e9ristiques prot\u00e9g\u00e9es par la l\u00e9gislation sur les droits de l&rsquo;homme, y compris l&rsquo;identit\u00e9 <\/span><a href=\"https:\/\/www.mcinnescooper.com\/publications\/take-pride-work-5-ways-employers-can-support-gender-diversity\/\"><span style=\"font-weight: 400;\">de genre, l&rsquo;expression de genre et l&rsquo;orientation sexuelle<\/span><\/a><span style=\"font-weight: 400;\">, le <\/span><a href=\"https:\/\/www.mcinnescooper.com\/publications\/label-delicate-a-workplace-dress-codes-test-tips\/\"><span style=\"font-weight: 400;\">sexe<\/span><\/a><span style=\"font-weight: 400;\">, la <\/span><a href=\"https:\/\/www.mcinnescooper.com\/publications\/the-sandwiched-employee-top-5-employer-faqs-about-family-status-discrimination\/\"><span style=\"font-weight: 400;\">situation familiale<\/span><\/a><span style=\"font-weight: 400;\">&#8230; et la religion. \u00c0 mesure que la diversit\u00e9 ethnique de la population canadienne s&rsquo;accro\u00eet, la diversit\u00e9 religieuse de sa main-d&rsquo;\u0153uvre s&rsquo;accro\u00eet \u00e9galement, et le calendrier des f\u00eates religieuses s&rsquo;est \u00e9largi en cons\u00e9quence. Les employeurs risquent de violer la l\u00e9gislation sur les droits de la personne lorsqu&rsquo;ils font des suppositions g\u00e9n\u00e9ralis\u00e9es sur les jours de la semaine ou de l&rsquo;ann\u00e9e o\u00f9 les croyances religieuses emp\u00eachent les employ\u00e9s de travailler ou imposent des alternatives ou des conditions irr\u00e9alistes aux employ\u00e9s.\u00a0<\/span><\/p>\n<p>&nbsp;<\/p>\n<p><b>Joyeuse Himmelfahrt<\/b><\/p>\n<p><span style=\"font-weight: 400;\">C&rsquo;est exactement ce qui \u00e9tait en jeu dans une d\u00e9cision de 2015 de la Commission ontarienne des droits de la personne lorsqu&rsquo;un employeur (<\/span><a href=\"http:\/\/www.canlii.org\/en\/on\/onhrt\/doc\/2015\/2015hrto1067\/2015hrto1067.html?autocompleteStr=ES%20Holdings%20Inc.%20Country%20Herbs&amp;autocompletePos=1\"><span style=\"font-weight: 400;\">ES Holdings Inc., op\u00e9rant sous le nom de Country Herbs)<\/span><\/a><span style=\"font-weight: 400;\"> n&rsquo;a pas tenu compte de la Himmelfahrt. L&#8217;employeur cultive et importe des l\u00e9gumes et des herbes dans une r\u00e9gion rurale. Deux employ\u00e9s \u00e0 temps plein, un fr\u00e8re et une s\u0153ur, tous deux mineurs, emballaient les produits ; l&#8217;employeur avait convenu avec leurs parents qu&rsquo;ils ne travailleraient pas apr\u00e8s 22 heures, compte tenu de leur \u00e2ge. La politique \u00e9crite de l&#8217;employeur stipulait qu&rsquo;il n&rsquo;y avait pas de cong\u00e9 le jeudi ; cela \u00e9tait d\u00fb au calendrier de livraison requis et \u00e0 la nature p\u00e9rissable du produit. Les deux fr\u00e8res et s\u0153urs sont des mennonites allemands qui c\u00e9l\u00e8brent une f\u00eate religieuse appel\u00e9e Himmelfahrt ; cette ann\u00e9e, la f\u00eate tombait un jeudi. L&rsquo;un des fr\u00e8res et s\u0153urs devait travailler ce jour-l\u00e0 ; l&rsquo;autre non. Ensemble, ils ont inform\u00e9 leur employeur avant Himmelfahrt que le fr\u00e8re ou la s\u0153ur qui devait travailler ce jour-l\u00e0 ne pourrait pas non plus travailler ce jour-l\u00e0. L&#8217;employeur lui a donn\u00e9 le choix d&rsquo;aller travailler le jour de l&rsquo;Ascension ou de faire une \u00e9quipe sp\u00e9ciale de nuit, ajout\u00e9e uniquement lorsqu&rsquo;il y avait un jour f\u00e9ri\u00e9 mennonite allemand, pour rattraper les heures manqu\u00e9es ou \u00eatre licenci\u00e9e. La s\u0153ur pr\u00e9vue n&rsquo;est all\u00e9e travailler ni l&rsquo;un ni l&rsquo;autre jour et l&#8217;employeur a licenci\u00e9 les deux s\u0153urs. Les s\u0153urs ont d\u00e9pos\u00e9 une plainte aupr\u00e8s de la Commission ontarienne des droits de la personne pour discrimination dans l&#8217;emploi fond\u00e9e sur la croyance et l&rsquo;association. L&#8217;employeur a fait valoir que les s\u0153urs connaissaient la politique et ses cons\u00e9quences. De plus, l&rsquo;Ascension tombait un jeudi, un jour particuli\u00e8rement charg\u00e9. Onze autres employ\u00e9s avaient \u00e9galement demand\u00e9 \u00e0 s&rsquo;absenter ; il n&rsquo;\u00e9tait pas possible de satisfaire tout le monde et il serait impossible de pr\u00e9voir des remplacements apr\u00e8s l&rsquo;Ascension, compte tenu de la nature p\u00e9rissable des produits et du caract\u00e8re urgent du travail. Mais l&rsquo;arbitre des droits de la personne a donn\u00e9 raison aux employ\u00e9s:<\/span><\/p>\n<p><b>Politique discriminatoire.<\/b><span style=\"font-weight: 400;\"> La politique de pr\u00e9sence \u00e9tait discriminatoire sur la base de la croyance. L&#8217;employeur a adopt\u00e9 la politique dans un but rationnellement li\u00e9 \u00e0 la performance au travail et dans la croyance honn\u00eate et de bonne foi qu&rsquo;elle \u00e9tait n\u00e9cessaire pour atteindre l&rsquo;objectif li\u00e9 au travail &#8211; mais n&rsquo;a pas prouv\u00e9 que la politique \u00e9tait raisonnablement n\u00e9cessaire pour atteindre cet objectif li\u00e9 au travail ni que l&#8217;employeur avait pris des mesures raisonnables pour accommoder la s\u0153ur pr\u00e9vue. Il n&rsquo;y avait aucune preuve que l&#8217;employeur avait discut\u00e9 avec l&#8217;employ\u00e9e ou obtenu des informations sur sa situation, qu&rsquo;il avait envisag\u00e9 comment elle pourrait \u00eatre accommod\u00e9e ou m\u00eame qu&rsquo;il avait s\u00e9rieusement r\u00e9fl\u00e9chi \u00e0 des alternatives pour l&rsquo;accommoder alors qu&rsquo;elle l&rsquo;avait inform\u00e9 bien \u00e0 l&rsquo;avance.<\/span><\/p>\n<p><b>Alternative d\u00e9raisonnable. <\/b><span style=\"font-weight: 400;\">La solution propos\u00e9e \u00e0 l&#8217;employ\u00e9e (travailler \u00e0 minuit) \u00e9tait d\u00e9raisonnable dans les circonstances (l&rsquo;\u00e2ge de l&#8217;employ\u00e9e, le cadre de l&#8217;employeur et l&rsquo;accord pr\u00e9alable avec le parent de l&#8217;employ\u00e9e limitant les heures de travail), de sorte qu&rsquo;il n&rsquo;\u00e9tait pas justifi\u00e9 de lui imposer la politique d&rsquo;assiduit\u00e9.<\/span><\/p>\n<p><b>Aucune difficult\u00e9 excessive.<\/b><span style=\"font-weight: 400;\"> Quoi qu&rsquo;il en soit, l&#8217;employeur n&rsquo;a apport\u00e9 aucune preuve de contrainte excessive.<\/span><\/p>\n<p><span style=\"font-weight: 400;\">L&rsquo;arbitre a \u00e9galement d\u00e9cid\u00e9 que l&#8217;employeur avait licenci\u00e9 le fr\u00e8re non programm\u00e9 en raison de son association avec sa s\u0153ur sur la base d&rsquo;une croyance contraire au Code des droits de la personne (et probablement aussi d&rsquo;un licenciement abusif). L&rsquo;arbitre a accord\u00e9 aux fr\u00e8res et s\u0153urs une indemnisation totale de 17 500 $ pour atteinte \u00e0 leur dignit\u00e9 et \u00e0 leurs sentiments, 8 617 $ pour perte de salaire (plus les int\u00e9r\u00eats), et a ordonn\u00e9 \u00e0 l&#8217;employeur de cr\u00e9er une politique interne sur les droits de l&rsquo;homme, de suivre une formation sur les droits de l&rsquo;homme et de placer des cartes du Code des droits de la personne sur le lieu de travail.<\/span><\/p>\n<p>&nbsp;<\/p>\n<p><b>FAQ des employeurs sur l&rsquo;accommodement religieux\u00a0<\/b><\/p>\n<p><span style=\"font-weight: 400;\">Voici les r\u00e9ponses \u00e0 cinq des questions les plus fr\u00e9quemment pos\u00e9es par les employeurs sur l&rsquo;accommodement des employ\u00e9s en fonction de leur religion.<\/span><\/p>\n<ol>\n<li><b> Quelles \u00ab religions \u00bb un employeur est-il tenu de respecter ?<\/b><\/li>\n<\/ol>\n<p><span style=\"font-weight: 400;\">Dans l&rsquo;affaire fondamentale sur la libert\u00e9 de religion, <\/span><a href=\"http:\/\/www.canlii.org\/en\/ca\/scc\/doc\/2004\/2004scc47\/2004scc47.html?resultIndex=1\"><i><span style=\"font-weight: 400;\">Syndicat Northcrest c. Amselem<\/span><\/i><\/a><span style=\"font-weight: 400;\">, la Cour supr\u00eame du Canada a d\u00e9clar\u00e9 que \u00ab [d]\u00e9finie au sens large, la religion implique g\u00e9n\u00e9ralement un syst\u00e8me particulier et complet de foi et de culte. La religion tend \u00e9galement \u00e0 impliquer la croyance en un pouvoir divin, surhumain ou contr\u00f4lant. Essentiellement, la religion concerne des convictions ou croyances personnelles librement et profond\u00e9ment ancr\u00e9es, li\u00e9es \u00e0 la foi spirituelle d&rsquo;un individu et indissociables de sa d\u00e9finition de soi et de son \u00e9panouissement spirituel, dont les pratiques permettent aux individus de favoriser un lien avec le divin ou avec le sujet ou l&rsquo;objet de cette foi spirituelle. \u00bb<\/span><\/p>\n<p><span style=\"font-weight: 400;\">La l\u00e9gislation canadienne sur les droits de la personne prot\u00e8ge la religion au-del\u00e0 des confessions bien connues ou majoritaires et s\u2019\u00e9tend aux croyances et dogmes religieux. Tant qu\u2019une personne adh\u00e8re \u00e0 une croyance religieuse \u00ab sinc\u00e8rement tenue \u00bb, peu importe son degr\u00e9 de popularit\u00e9, l\u2019employ\u00e9 a droit \u00e0 des mesures d\u2019accommodement. Lorsqu\u2019un employ\u00e9 demande un accommodement religieux \u00e0 son employeur, il est essentiel que ce dernier garde l&rsquo;esprit ouvert, \u00e9vite de porter des jugements h\u00e2tifs sur la l\u00e9gitimit\u00e9 de cette croyance ou religion, \u00e9coute l\u2019employ\u00e9, prenne les mesures n\u00e9cessaires pour respecter son obligation d\u2019accommodement et documente enti\u00e8rement le processus.<\/span><\/p>\n<ol start=\"2\">\n<li><b> Pourquoi un employeur devrait-il prendre des mesures d&rsquo;accommodements pour un employ\u00e9 si d&rsquo;autres employ\u00e9s de la m\u00eame religion ne demandent pas d&rsquo;acommodements?<\/b><\/li>\n<\/ol>\n<p><span style=\"font-weight: 400;\">Il a une obligation l\u00e9gale de le faire. La religion est une affaire personnelle. Les croyances et pratiques des individus se situent souvent sur un spectre : certains croyants fervents ne demandent aucun accommodement, tandis que d\u2019autres, dont la foi peut sembler moins profonde, croient sinc\u00e8rement \u00e0 l\u2019importance d\u2019observer certains rites et rituels.<\/span><\/p>\n<p><span style=\"font-weight: 400;\">De plus, un accommodement qui convient \u00e0 certains employ\u00e9s peut ne pas convenir \u00e0 d\u2019autres. Par exemple, dans l&rsquo;affaire <\/span><b>Himmelfahrt<\/b><span style=\"font-weight: 400;\">, 11 employ\u00e9s avaient demand\u00e9 \u00e0 \u00eatre en cong\u00e9 pour cette f\u00eate religieuse. Environ la moiti\u00e9 d\u2019entre eux ont accept\u00e9 de travailler un nouveau quart de nuit ajout\u00e9 sp\u00e9cialement pour l\u2019occasion et ont pris leur journ\u00e9e de cong\u00e9, tandis que l\u2019autre moiti\u00e9 a travaill\u00e9 durant le jour f\u00e9ri\u00e9. Les seuls employ\u00e9s \u00e0 ne pas avoir choisi l\u2019une ou l\u2019autre des options \u00e9taient deux fr\u00e8res et s\u0153urs \u2013 mais l\u2019employeur a tout de m\u00eame viol\u00e9 leur droit \u00e0 ne pas \u00eatre victimes de discrimination fond\u00e9e sur la religion.<\/span><\/p>\n<ol start=\"3\">\n<li><b> Que doit faire un employeur pour tenir compte de la religion d&rsquo;un employ\u00e9 ?<\/b><\/li>\n<\/ol>\n<p><span style=\"font-weight: 400;\">Accommoder la religion signifie prendre des mesures pour \u00e9viter toute interf\u00e9rence inutile avec l&rsquo;observance de la religion de l&#8217;employ\u00e9. Selon la nature du lieu de travail et les exigences de la croyance religieuse, cela pourrait impliquer que l&#8217;employeur :<\/span><\/p>\n<ul>\n<li style=\"font-weight: 400;\" aria-level=\"1\"><span style=\"font-weight: 400;\">Accorder \u00e0 un employ\u00e9 un cong\u00e9 ou adapter son horaire pour lui permettre d&rsquo;observer le sabbat, certains jours saints ou m\u00eame des rites quotidiens, tels que la pri\u00e8re. Au Canada, la population chr\u00e9tienne est g\u00e9n\u00e9ralement accommod\u00e9e par les jours f\u00e9ri\u00e9s. Cependant, les membres d&rsquo;autres religions peuvent demander un cong\u00e9 pour leurs jours saints. Habituellement, l&rsquo;accommodement se fait en leur permettant d&rsquo;utiliser des vacances, des heures accumul\u00e9es ou autres. Il existe tr\u00e8s peu de pr\u00e9c\u00e9dents obligeant un employeur \u00e0 offrir des cong\u00e9s pay\u00e9s.<\/span><\/li>\n<\/ul>\n<ul>\n<li style=\"font-weight: 400;\" aria-level=\"1\"><span style=\"font-weight: 400;\">\u00c9liminer ou ajuster les pratiques ou les politiques, qu&rsquo;elles soient discriminatoires \u00e0 premi\u00e8re vue ou qu&rsquo;elles semblent neutres mais aient un impact discriminatoire. Les <\/span><a href=\"https:\/\/www.mcinnescooper.com\/publications\/label-delicate-a-workplace-dress-codes-test-tips\/\"><span style=\"font-weight: 400;\">codes vestimentaires sur le lieu de travail<\/span><\/a><span style=\"font-weight: 400;\">, par exemple, peuvent souvent sembler raisonnables, mais une fois mis en pratique, ils peuvent avoir un impact n\u00e9gatif sur un employ\u00e9 en raison de sa religion.<\/span><\/li>\n<\/ul>\n<ul>\n<li style=\"font-weight: 400;\" aria-level=\"1\"><span style=\"font-weight: 400;\">Ne pas imposer la religion d&rsquo;un groupe aux non-adh\u00e9rents. Cela peut \u00eatre difficile sur les lieux de travail domin\u00e9s par un groupe religieux, mais l&#8217;employeur est toujours l\u00e9galement tenu de prendre des mesures d&rsquo;adaptation. Ainsi, par exemple, comme la f\u00eate <\/span><span style=\"font-weight: 400;\">de No\u00ebl, de Hannukah ou de Kwanza<\/span><span style=\"font-weight: 400;\"> de votre entreprise n&rsquo;est probablement pas ax\u00e9e sur les aspects religieux d&rsquo;une f\u00eate et vise plut\u00f4t \u00e0 permettre aux employ\u00e9s de se r\u00e9unir de mani\u00e8re sociale, l&rsquo;appeler une f\u00eate de fin d&rsquo;ann\u00e9e est plus inclusif &#8211; et conseill\u00e9.<\/span><\/li>\n<\/ul>\n<p>&nbsp;<\/p>\n<ol start=\"4\">\n<li><b> Quel est le degr\u00e9 d&rsquo;accommodement suffisant ?<\/b><\/li>\n<\/ol>\n<p><span style=\"font-weight: 400;\">Un employeur est tenu d&rsquo;offrir un accommodement raisonnable, sauf si cela lui impose une \u00ab contrainte excessive \u00bb. Parfois, cela peut sembler impossible ou injuste pour l&#8217;employeur. Mais avant de tirer cette conclusion, l&#8217;employeur doit envisager les accommodements possibles et \u00e9valuer chacun d&rsquo;entre eux par rapport aux facteurs qui entra\u00eenent une contrainte excessive (et doit documenter ses consid\u00e9rations). Il peut s&rsquo;agir du co\u00fbt financier, de la rupture d&rsquo;une convention collective, de probl\u00e8mes de moral, de la faisabilit\u00e9 et de la r\u00e9affectation du travail ou des changements d&rsquo;horaires. Souvent, la taille de l&rsquo;effectif de l&#8217;employeur est un facteur cl\u00e9. Il est g\u00e9n\u00e9ralement plus facile de prendre des mesures d&rsquo;adaptation lorsque l&rsquo;effectif est important et diversifi\u00e9 sur le plan religieux que lorsqu&rsquo;il est relativement petit et que la proportion de personnes qui demandent des mesures d&rsquo;adaptation est relativement importante. Mais l&rsquo;obligation d&rsquo;un employeur de prendre des mesures d&rsquo;adaptation pour respecter la religion de ses employ\u00e9s ne doit pas entra\u00eener de pr\u00e9judice injustifi\u00e9. En fin de compte, il faut s&rsquo;attendre \u00e0 certaines difficult\u00e9s et un employeur doit les accepter comme faisant partie du \u00ab co\u00fbt des affaires \u00bb dans une soci\u00e9t\u00e9 diversifi\u00e9e et fond\u00e9e sur les droits comme le Canada.<\/span><\/p>\n<p>&nbsp;<\/p>\n<ol start=\"5\">\n<li><b> Pourquoi l&#8217;employeur doit-il faire tout le travail ?<\/b><\/li>\n<\/ol>\n<p><span style=\"font-weight: 400;\">Ce n\u2019est pas le cas. Les employ\u00e9s qui demandent un accommodement religieux (ou tout autre type d\u2019accommodement) ont une obligation l\u00e9gale de coop\u00e9rer. Cela signifie qu\u2019ils doivent participer activement aux d\u00e9marches d\u2019accommodement, aider \u00e0 trouver une solution adapt\u00e9e et accepter un accommodement raisonnable \u2013 et non n\u00e9cessairement parfait.<\/span><\/p>\n<p><span style=\"font-weight: 400;\">Chaque situation peut \u00eatre diff\u00e9rente selon la nature du lieu de travail, les besoins en jeu et les options d\u2019accommodement disponibles. Par exemple, si la gestion des horaires est un probl\u00e8me, l\u2019employ\u00e9 demandant un accommodement pourrait devoir accepter d\u2019autres modifications d\u2019horaire r\u00e9sultant de l\u2019accommodement, \u00e0 condition qu\u2019elles ne soient pas \u00e9vitables et ne constituent pas elles-m\u00eames une discrimination.<\/span><\/p>\n<p>&nbsp;<\/p>\n<p><em><span style=\"font-weight: 400;\">Cet article n&rsquo;a qu&rsquo;une valeur informative. Il ne s&rsquo;agit pas d&rsquo;un avis juridique. McInnes Cooper exclut toute responsabilit\u00e9 quant au contenu ou \u00e0 l&rsquo;utilisation de cet article. McInnes Cooper, <\/span><span style=\"font-weight: 400;\">2016.<\/span><span style=\"font-weight: 400;\"> Tous droits r\u00e9serv\u00e9s.<\/span><\/em><\/p>\n<p>&nbsp;<\/p>\n<p>[\/et_pb_text][et_pb_image src=\u00a0\u00bbhttps:\/\/umnb.ca\/wp-content\/uploads\/2024\/07\/New-McInnes-Cooper-Logo-CMYK.jpg\u00a0\u00bb title_text=\u00a0\u00bbNew McInnes Cooper Logo CMYK\u00a0\u00bb _builder_version=\u00a0\u00bb4.20.2&Prime; _module_preset=\u00a0\u00bbdefault\u00a0\u00bb global_colors_info=\u00a0\u00bb{}\u00a0\u00bb][\/et_pb_image][\/et_pb_column][\/et_pb_row][\/et_pb_section]<\/p>\n","protected":false},"excerpt":{"rendered":"<p>By McInnes Cooper L&rsquo;obligation l\u00e9gale des employeurs d&rsquo;accommoder leurs employ\u00e9s semble le plus souvent se poser dans le contexte des employ\u00e9s handicap\u00e9s. Mais cette obligation s&rsquo;\u00e9tend \u00e0 toutes les caract\u00e9ristiques prot\u00e9g\u00e9es par la l\u00e9gislation sur les droits de l&rsquo;homme, y compris l&rsquo;identit\u00e9 de genre, l&rsquo;expression de genre et l&rsquo;orientation sexuelle, le sexe, la situation familiale&#8230; [&hellip;]<\/p>\n","protected":false},"author":2,"featured_media":0,"comment_status":"closed","ping_status":"open","sticky":false,"template":"","format":"standard","meta":{"_et_pb_use_builder":"on","_et_pb_old_content":"","_et_gb_content_width":"","footnotes":""},"categories":[2,22],"tags":[],"class_list":["post-12919","post","type-post","status-publish","format-standard","hentry","category-non-classifiee","category-partner-article-fr"],"_links":{"self":[{"href":"https:\/\/umnb.ca\/fr\/wp-json\/wp\/v2\/posts\/12919\/"}],"collection":[{"href":"https:\/\/umnb.ca\/fr\/wp-json\/wp\/v2\/posts\/"}],"about":[{"href":"https:\/\/umnb.ca\/fr\/wp-json\/wp\/v2\/types\/post\/"}],"author":[{"embeddable":true,"href":"https:\/\/umnb.ca\/fr\/wp-json\/wp\/v2\/users\/2\/"}],"replies":[{"embeddable":true,"href":"https:\/\/umnb.ca\/fr\/wp-json\/wp\/v2\/comments\/?post=12919"}],"version-history":[{"count":5,"href":"https:\/\/umnb.ca\/fr\/wp-json\/wp\/v2\/posts\/12919\/revisions\/"}],"predecessor-version":[{"id":12925,"href":"https:\/\/umnb.ca\/fr\/wp-json\/wp\/v2\/posts\/12919\/revisions\/12925\/"}],"wp:attachment":[{"href":"https:\/\/umnb.ca\/fr\/wp-json\/wp\/v2\/media\/?parent=12919"}],"wp:term":[{"taxonomy":"category","embeddable":true,"href":"https:\/\/umnb.ca\/fr\/wp-json\/wp\/v2\/categories\/?post=12919"},{"taxonomy":"post_tag","embeddable":true,"href":"https:\/\/umnb.ca\/fr\/wp-json\/wp\/v2\/tags\/?post=12919"}],"curies":[{"name":"wp","href":"https:\/\/api.w.org\/{rel}","templated":true}]}}