{"id":12747,"date":"2025-02-26T12:44:45","date_gmt":"2025-02-26T12:44:45","guid":{"rendered":"https:\/\/umnb.ca\/communique-lunion-des-municipalites-du-nouveau-brunswick-publie-son-soumission-pre-budgetaire-2025\/"},"modified":"2025-02-26T13:09:37","modified_gmt":"2025-02-26T13:09:37","slug":"communique-lunion-des-municipalites-du-nouveau-brunswick-publie-son-soumission-pre-budgetaire-2025","status":"publish","type":"post","link":"https:\/\/umnb.ca\/fr\/communique-lunion-des-municipalites-du-nouveau-brunswick-publie-son-soumission-pre-budgetaire-2025\/","title":{"rendered":"COMMUNIQU\u00c9 : L&rsquo;Union des municipalit\u00e9s du Nouveau-Brunswick publie son soumission pr\u00e9-budg\u00e9taire 2025"},"content":{"rendered":"<p>[et_pb_section fb_built=\u00a0\u00bb1&Prime; _builder_version=\u00a0\u00bb4.20.2&Prime; _module_preset=\u00a0\u00bbdefault\u00a0\u00bb custom_padding=\u00a0\u00bb0px|||||\u00a0\u00bb global_colors_info=\u00a0\u00bb{}\u00a0\u00bb][et_pb_row _builder_version=\u00a0\u00bb4.20.2&Prime; _module_preset=\u00a0\u00bbdefault\u00a0\u00bb custom_padding=\u00a0\u00bb0px|||||\u00a0\u00bb global_colors_info=\u00a0\u00bb{}\u00a0\u00bb][et_pb_column type=\u00a0\u00bb4_4&Prime; _builder_version=\u00a0\u00bb4.20.2&Prime; _module_preset=\u00a0\u00bbdefault\u00a0\u00bb global_colors_info=\u00a0\u00bb{}\u00a0\u00bb][et_pb_text _builder_version=\u00a0\u00bb4.20.2&Prime; _module_preset=\u00a0\u00bbdefault\u00a0\u00bb text_font=\u00a0\u00bbRoboto|300|||||||\u00a0\u00bb text_font_size=\u00a0\u00bb20px\u00a0\u00bb text_line_height=\u00a0\u00bb1.1em\u00a0\u00bb header_font_size=\u00a0\u00bb20px\u00a0\u00bb custom_padding=\u00a0\u00bb||0px|||\u00a0\u00bb global_colors_info=\u00a0\u00bb{}\u00a0\u00bb]<\/p>\n<p><span data-contrast=\"auto\">Le 26 f\u00e9vrier 2025<\/span><span data-ccp-props=\"{&quot;134233117&quot;:false,&quot;134233118&quot;:false,&quot;201341983&quot;:0,&quot;335551550&quot;:1,&quot;335551620&quot;:1,&quot;335559685&quot;:-720,&quot;335559737&quot;:1350,&quot;335559738&quot;:0,&quot;335559739&quot;:0,&quot;335559740&quot;:276}\">\u00a0<\/span><\/p>\n<p><b><span data-contrast=\"auto\">POUR LA DIFFUSION IMM\u00c9DIATE<\/span><\/b><span data-ccp-props=\"{&quot;335559685&quot;:-720,&quot;335559737&quot;:1350}\">\u00a0<\/span><\/p>\n<p><span style=\"font-size: large;\"><\/span><\/p>\n<p><span style=\"font-size: large;\">Fredericton, N-B \u2013 <\/span><span data-contrast=\"auto\" style=\"font-size: 21px;\">L&rsquo;Union des municipalit\u00e9s du Nouveau-Brunswick (UMNB) a publi\u00e9 son soumission pr\u00e9-budg\u00e9taire qui souligne cinq priorit\u00e9s cl\u00e9s approuv\u00e9es par nos membres municipaux. Ces priorit\u00e9s s&rsquo;appuient sur les engagements pris en mati\u00e8re de r\u00e9forme fiscale, d&rsquo;acc\u00e8s aux logements et de lutte contre le sans-abrisme, de renouvellement des infrastructures et de renforcement des capacit\u00e9s de tous les gouvernements locaux.\u00a0\u00a0<\/span><span data-ccp-props=\"{&quot;335551550&quot;:6,&quot;335551620&quot;:6,&quot;335559685&quot;:-720,&quot;335559737&quot;:1350}\" style=\"font-size: 21px;\">\u00a0<\/span><\/p>\n<p><span data-contrast=\"auto\">La pr\u00e9sidente Merrifield a r\u00e9affirm\u00e9 l&rsquo;engagement de l&rsquo;UMNB \u00e0 travailler en partenariat avec le gouvernement Holt afin que toutes les communaut\u00e9s du Nouveau-Brunswick puissent prosp\u00e9rer pendant cette p\u00e9riode d&rsquo;incertitude.\u00a0<\/span><span data-ccp-props=\"{&quot;335551550&quot;:6,&quot;335551620&quot;:6,&quot;335559685&quot;:-720,&quot;335559737&quot;:1350}\">\u00a0<\/span><\/p>\n<p><span data-contrast=\"auto\">\u201cNos communaut\u00e9s sont en premi\u00e8re ligne pendant ces temps difficiles. C&rsquo;est pourquoi nous demandons au gouvernement de respecter son engagement ant\u00e9rieur et de combler l&rsquo;\u00e9cart financier de 220 millions de dollars dont souffrent les municipalit\u00e9s. Cet investissement garantira la r\u00e9silience de notre province face aux d\u00e9fis croissants en mati\u00e8re de logement, d&rsquo;accessibilit\u00e9 financi\u00e8re et d&rsquo;\u00e9conomie impr\u00e9visible. Nos membres sont les mieux plac\u00e9s pour soutenir les objectifs de la province en mati\u00e8re de sant\u00e9, de logement, d&rsquo;abordabilit\u00e9 et d&rsquo;\u00e9conomie \u00e9quitable.\u201d\u00a0<\/span><span data-ccp-props=\"{&quot;335551550&quot;:6,&quot;335551620&quot;:6,&quot;335559685&quot;:-720,&quot;335559737&quot;:1350}\">\u00a0<\/span><\/p>\n<p><span data-contrast=\"auto\">Pour lire la soumission compl\u00e8te, visitez notre site web: <\/span><strong><a href=\"https:\/\/umnb.ca\/fr\/consultationsprebudgetaires\/\">www.umnb.ca\/fr\/consultationspr\u00e9budg\u00e9taires.<\/a>\u00a0<\/strong><\/p>\n<p><span data-contrast=\"auto\">\u00a0<\/span><span data-ccp-props=\"{&quot;335559685&quot;:-720,&quot;335559737&quot;:1350}\">\u00a0<\/span><\/p>\n<p><span data-contrast=\"auto\">Les demandes de renseignements des m\u00e9dias pourraient s&rsquo;adresser \u00e0:<\/span><span data-ccp-props=\"{&quot;335559685&quot;:-720,&quot;335559737&quot;:1350}\">\u00a0<\/span><\/p>\n<p><span data-contrast=\"auto\">Briana Cowie\u00a0\u00a0<\/span><span data-ccp-props=\"{&quot;201341983&quot;:0,&quot;335559685&quot;:-720,&quot;335559737&quot;:1350,&quot;335559740&quot;:240}\">\u00a0<\/span><\/p>\n<p><i><span data-contrast=\"auto\">Responsable des relations ext\u00e9rieures\u00a0<\/span><\/i><span data-contrast=\"auto\">\u00a0<\/span><span data-ccp-props=\"{&quot;201341983&quot;:0,&quot;335559685&quot;:-720,&quot;335559737&quot;:1350,&quot;335559740&quot;:240}\">\u00a0<\/span><\/p>\n<p><span data-contrast=\"auto\">Briana.cowie@umnb.ca\u00a0\u00a0<\/span><span data-ccp-props=\"{&quot;201341983&quot;:0,&quot;335559685&quot;:-720,&quot;335559737&quot;:1350,&quot;335559740&quot;:240}\">\u00a0<\/span><\/p>\n<p><span data-contrast=\"auto\">(506) 444-2285\u00a0<\/span><span data-ccp-props=\"{&quot;201341983&quot;:0,&quot;335559685&quot;:-720,&quot;335559737&quot;:1350,&quot;335559740&quot;:240}\">\u00a0<\/span><\/p>\n<p>&nbsp;<\/p>\n<p>[\/et_pb_text][\/et_pb_column][\/et_pb_row][\/et_pb_section]<\/p>\n","protected":false},"excerpt":{"rendered":"<p>Le 26 f\u00e9vrier 2025\u00a0 POUR LA DIFFUSION IMM\u00c9DIATE\u00a0 Fredericton, N-B \u2013 L&rsquo;Union des municipalit\u00e9s du Nouveau-Brunswick (UMNB) a publi\u00e9 son soumission pr\u00e9-budg\u00e9taire qui souligne cinq priorit\u00e9s cl\u00e9s approuv\u00e9es par nos membres municipaux. Ces priorit\u00e9s s&rsquo;appuient sur les engagements pris en mati\u00e8re de r\u00e9forme fiscale, d&rsquo;acc\u00e8s aux logements et de lutte contre le sans-abrisme, de renouvellement [&hellip;]<\/p>\n","protected":false},"author":2,"featured_media":0,"comment_status":"closed","ping_status":"open","sticky":false,"template":"","format":"standard","meta":{"_et_pb_use_builder":"on","_et_pb_old_content":"","_et_gb_content_width":"","footnotes":""},"categories":[2],"tags":[],"class_list":["post-12747","post","type-post","status-publish","format-standard","hentry","category-non-classifiee"],"_links":{"self":[{"href":"https:\/\/umnb.ca\/fr\/wp-json\/wp\/v2\/posts\/12747\/"}],"collection":[{"href":"https:\/\/umnb.ca\/fr\/wp-json\/wp\/v2\/posts\/"}],"about":[{"href":"https:\/\/umnb.ca\/fr\/wp-json\/wp\/v2\/types\/post\/"}],"author":[{"embeddable":true,"href":"https:\/\/umnb.ca\/fr\/wp-json\/wp\/v2\/users\/2\/"}],"replies":[{"embeddable":true,"href":"https:\/\/umnb.ca\/fr\/wp-json\/wp\/v2\/comments\/?post=12747"}],"version-history":[{"count":3,"href":"https:\/\/umnb.ca\/fr\/wp-json\/wp\/v2\/posts\/12747\/revisions\/"}],"predecessor-version":[{"id":12751,"href":"https:\/\/umnb.ca\/fr\/wp-json\/wp\/v2\/posts\/12747\/revisions\/12751\/"}],"wp:attachment":[{"href":"https:\/\/umnb.ca\/fr\/wp-json\/wp\/v2\/media\/?parent=12747"}],"wp:term":[{"taxonomy":"category","embeddable":true,"href":"https:\/\/umnb.ca\/fr\/wp-json\/wp\/v2\/categories\/?post=12747"},{"taxonomy":"post_tag","embeddable":true,"href":"https:\/\/umnb.ca\/fr\/wp-json\/wp\/v2\/tags\/?post=12747"}],"curies":[{"name":"wp","href":"https:\/\/api.w.org\/{rel}","templated":true}]}}