{"id":11582,"date":"2024-08-07T18:59:37","date_gmt":"2024-08-07T18:59:37","guid":{"rendered":"https:\/\/umnb.ca\/article-en-partenariat-fierte-au-travail-5-facons-pour-les-employeurs-de-soutenir-la-diversite-des-genres\/"},"modified":"2024-08-07T19:12:04","modified_gmt":"2024-08-07T19:12:04","slug":"article-en-partenariat-fierte-au-travail-5-facons-pour-les-employeurs-de-soutenir-la-diversite-des-genres","status":"publish","type":"post","link":"https:\/\/umnb.ca\/fr\/article-en-partenariat-fierte-au-travail-5-facons-pour-les-employeurs-de-soutenir-la-diversite-des-genres\/","title":{"rendered":"Article en partenariat : Fiert\u00e9 au travail : 5 fa\u00e7ons pour les employeurs de soutenir la diversit\u00e9 des genres"},"content":{"rendered":"<p>[et_pb_section fb_built=\u00a0\u00bb1&Prime; _builder_version=\u00a0\u00bb4.16&Prime; _module_preset=\u00a0\u00bbdefault\u00a0\u00bb global_colors_info=\u00a0\u00bb{}\u00a0\u00bb][et_pb_row _builder_version=\u00a0\u00bb4.16&Prime; _module_preset=\u00a0\u00bbdefault\u00a0\u00bb min_height=\u00a0\u00bb1890.7px\u00a0\u00bb global_colors_info=\u00a0\u00bb{}\u00a0\u00bb][et_pb_column type=\u00a0\u00bb4_4&Prime; _builder_version=\u00a0\u00bb4.16&Prime; _module_preset=\u00a0\u00bbdefault\u00a0\u00bb global_colors_info=\u00a0\u00bb{}\u00a0\u00bb][et_pb_image src=\u00a0\u00bbhttps:\/\/umnb.ca\/wp-content\/uploads\/2024\/08\/gender-diversity-in-the-workplace.png\u00a0\u00bb _builder_version=\u00a0\u00bb4.20.2&Prime; _module_preset=\u00a0\u00bbdefault\u00a0\u00bb theme_builder_area=\u00a0\u00bbpost_content\u00a0\u00bb hover_enabled=\u00a0\u00bb0&Prime; sticky_enabled=\u00a0\u00bb0&Prime;][\/et_pb_image][et_pb_text _builder_version=\u00a0\u00bb4.20.2&Prime; _module_preset=\u00a0\u00bbdefault\u00a0\u00bb custom_padding=\u00a0\u00bb||0px|||\u00a0\u00bb global_colors_info=\u00a0\u00bb{}\u00a0\u00bb]<\/p>\n<p><span style=\"font-weight: 400; color: #000000;\">Par\u00a0McInnes Cooper<\/span><\/p>\n<p><span style=\"font-size: large;\"><span style=\"font-weight: 400; color: #000000;\">L&rsquo;ascension des <\/span><a href=\"https:\/\/www.mcinnescooper.com\/services\/esg-environmental-social-and-governance\/?utm_source=UMNB+&amp;utm_medium=referral&amp;utm_campaign=Take+Pride+%40+Work\"><span style=\"font-weight: 400;\">principes ESG (environnement, social et gouvernance)<\/span><\/a><span style=\"font-weight: 400; color: #000000;\"> a augment\u00e9 l&rsquo;attention port\u00e9e \u00e0 la <\/span><a href=\"https:\/\/www.mcinnescooper.com\/publications\/3-legal-tools-to-help-foster-a-diverse-inclusive-workplace\/?utm_source=UMNB+&amp;utm_medium=referral&amp;utm_campaign=Take+Pride+%40+Work\"><span style=\"font-weight: 400;\">diversit\u00e9 et \u00e0 l&rsquo;inclusion dans les milieux de travail<\/span><\/a><span style=\"font-weight: 400;\"> (<span style=\"color: #000000;\">DEI) en g\u00e9n\u00e9ral. Pourtant, les employ\u00e9(e)s transgenres et issus de la diversit\u00e9 de genre continuent de faire face \u00e0 de nombreux d\u00e9fis dans les milieux de travail, notamment la vuln\u00e9rabilit\u00e9 et crainte de la discrimination. Mais, il existe de nombreuses fa\u00e7ons pour les employeurs de soutenir la diversit\u00e9 de genre, question de respecter leurs obligations l\u00e9gales envers les employ\u00e9(e)s issus de la diversit\u00e9 de genre &#8211; et envers tous leurs employ\u00e9(e)s. Voici cinq fa\u00e7ons dont les employeurs peuvent soutenir la diversit\u00e9 des genres dans les milieux de travail.<\/span><\/span><\/span><\/p>\n<p><span style=\"font-size: large;\">\u00a0<\/span><\/p>\n<ol>\n<li><span style=\"font-size: large; color: #000000;\"><b> Apprendre les principes de base<\/b><\/span><\/li>\n<\/ol>\n<p><span style=\"font-weight: 400; font-size: large; color: #000000;\">La \u00ab diversit\u00e9 de genre \u00bb couvre un \u00e9ventail d&rsquo;identit\u00e9s et d&rsquo;expressions li\u00e9es au genre, y compris, mais sans s&rsquo;y limiter, les personnes transgenres, non conformes au genre, non binaires, bispirituelles et intersexu\u00e9es. Un employeur n&rsquo;a pas besoin de tout savoir sur la diversit\u00e9 de genre ou sur les personnes LGBTQ2S+. Mais, un employeur doit avoir une compr\u00e9hension de base des questions cl\u00e9s et de la terminologie, et \u00eatre ouvert \u00e0 l&rsquo;apprentissage. Ce qui suit vous aidera \u00e0 commencer.<\/span><\/p>\n<p><span style=\"font-size: large;\"><span style=\"color: #000000;\"><b>Discrimination dans un milieu de travail<\/b><span style=\"font-weight: 400;\">. <\/span><\/span><a href=\"https:\/\/www150.statcan.gc.ca\/n1\/pub\/85-002-x\/2021001\/article\/00015-fra.htm\"><span style=\"font-weight: 400;\">Une enqu\u00eate de Statistique Canada r\u00e9alis\u00e9e en 2020<\/span><\/a><span style=\"font-weight: 400; color: #000000;\"> indique que 47 % &#8211; en fait, la moiti\u00e9 &#8211; des personnes LGBTQ2S+ travaillant dans une entreprise ont \u00e9t\u00e9 la cible de comportements sexualis\u00e9s et discriminatoires au travail, pour lesquels il est possible d&rsquo;\u00e9tablir des comparaisons avec des travailleurs non LGBTQ2S+.\u00a0<\/span><\/span><\/p>\n<p><span style=\"font-size: large; color: #000000;\"><b>Terminologie<\/b><span style=\"font-weight: 400;\">. Dix des termes les plus fr\u00e9quemment cit\u00e9s sont les suivants :<\/span><\/span><\/p>\n<p><span style=\"font-weight: 400; font-size: large; color: #000000;\">&#8211; Le sexe est la description strictement biologique d&rsquo;une personne.<\/span><\/p>\n<p><span style=\"font-weight: 400; font-size: large; color: #000000;\">&#8211; Le genre est beaucoup plus large que le sexe et englobe les aspects biologiques, cognitifs et sociaux d&rsquo;une personne, y compris l&rsquo;identit\u00e9 et l&rsquo;expression.<\/span><\/p>\n<p><span style=\"font-weight: 400; font-size: large; color: #000000;\">&#8211; L&rsquo;identit\u00e9 de genre d&rsquo;une personne est la fa\u00e7on dont elle se per\u00e7oit et se sent.<\/span><\/p>\n<p><span style=\"font-weight: 400; font-size: large; color: #000000;\">&#8211; L&rsquo;expression du genre d&rsquo;une personne est la mani\u00e8re dont elle exprime ou pr\u00e9sente son genre.<\/span><\/p>\n<p><span style=\"font-weight: 400; font-size: large; color: #000000;\">&#8211; L&rsquo;orientation sexuelle est la sexualit\u00e9 d&rsquo;une personne, y compris, mais sans s&rsquo;y limiter, les homosexuels, les lesbiennes, les bisexuels et les h\u00e9t\u00e9rosexuels, les asexuels, les pansexuels et les polysexuels.<\/span><\/p>\n<p><span style=\"font-weight: 400; font-size: large; color: #000000;\">&#8211; L&rsquo;identit\u00e9 de genre de nombreuses personnes correspond \u00e0 leur sexe biologique, mais les personnes non conformes au genre ne se conforment pas aux attentes traditionnelles de leur genre. Par exemple, une personne transgenre est une personne dont l&rsquo;identit\u00e9 ou l&rsquo;expression de genre est diff\u00e9rente de la pr\u00e9somption de genre que les autres font sur la base du sexe biologique de cette personne.<\/span><\/p>\n<p><span style=\"font-weight: 400; font-size: large; color: #000000;\">&#8211; Certaines personnes transgenres, mais pas toutes, subiront un changement de sexe (ou une transition) afin d&rsquo;aligner leur sexe biologique avec leur identit\u00e9 de genre. Les personnes transgenres peuvent avoir d\u00e9j\u00e0 effectu\u00e9 une transition, commenc\u00e9 le processus de r\u00e9assignation ou se situer entre les deux, et peuvent \u00eatre \u00e0 n&rsquo;importe quelle \u00e9tape de cette transition.<\/span><\/p>\n<p><span style=\"font-weight: 400; font-size: large; color: #000000;\">&#8211; Une personne cisgenre est une personne dont l&rsquo;identit\u00e9 de genre et le sexe biologique correspondent.<\/span><\/p>\n<p><span style=\"font-weight: 400; font-size: large; color: #000000;\">&#8211; Une personne intersexu\u00e9e est une personne dont l&rsquo;anatomie biologique ne semble pas correspondre aux d\u00e9finitions st\u00e9r\u00e9otyp\u00e9es de l&rsquo;homme et de la femme.<\/span><\/p>\n<p><span style=\"font-weight: 400; font-size: large; color: #000000;\">&#8211; Le terme \u00ab\u00a0bispirituel\u00a0\u00bb est utilis\u00e9 par certaines communaut\u00e9s indig\u00e8nes pour d\u00e9crire la diversit\u00e9 des genres.<\/span><\/p>\n<p><span style=\"font-size: large; color: #000000;\">\u00a0<\/span><\/p>\n<p><span style=\"font-size: large;\"><span style=\"font-weight: 400; color: #000000;\">Il existe de nombreux autres termes qu&rsquo;il peut \u00eatre utile de conna\u00eetre. De nombreuses ressources sont disponibles ; par exemple, le <\/span><a href=\"https:\/\/www.ohrc.on.ca\/fr\/politique-sur-la-pr%C3%A9vention-de-la-discrimination-fond%C3%A9e-sur-l%E2%80%99identit%C3%A9-sexuelle-et-l%E2%80%99expression-de-l\/annexe-b-glossaire-des-termes-associ%C3%A9s-%C3%A0-l%E2%80%99identit%C3%A9-sexuelle-et-%C3%A0-l\"><span style=\"font-weight: 400;\">\u00ab\u00a0Glossaire des termes associ\u00e9s \u00e0 l\u2019identit\u00e9 sexuelle et \u00e0 l\u2019expression de l\u2019identit\u00e9 sexuelle\u00a0\u00bb de la Commission ontarienne des droits de la personne<\/span><\/a><span style=\"font-weight: 400; color: #000000;\"> d\u00e9finit de nombreux termes dans un langage compr\u00e9hensible.<\/span><\/span><\/p>\n<p><span style=\"font-size: large; color: #000000;\"><b>Pronoms<\/b><span style=\"font-weight: 400;\">. Les pronoms personnels ne se limitent plus aux pronoms sexu\u00e9s traditionnels \u00ab\u00a0elle\/il\u00a0\u00bb et \u00ab\u00a0elle\/homme\u00a0\u00bb. Les plus courants sont \u00ab\u00a0iel\/yel\/ielle \u00ab\u00a0, mais il en existe d&rsquo;autres. Familiarisez-vous avec les pronoms courants &#8211; et allez plus loin en donnant \u00e0 tous les employ\u00e9s la possibilit\u00e9 de choisir et d&rsquo;afficher les pronoms qu&rsquo;ils pr\u00e9f\u00e8rent.<\/span><\/span><\/p>\n<p><span style=\"font-size: large; color: #000000;\">\u00a0<\/span><\/p>\n<ol start=\"2\">\n<li><span style=\"font-size: large; color: #000000;\"><b> Conna\u00eetre ses obligations l\u00e9gales<\/b><\/span><\/li>\n<\/ol>\n<p><span style=\"font-size: large;\"><span style=\"font-weight: 400; color: #000000;\">Les lois sur les droits de la personne interdisent aux employeurs de discriminer envers des employ\u00e9(e)s, c&rsquo;est-\u00e0-dire de les traiter diff\u00e9remment, directement ou indirectement, avec les cons\u00e9quences n\u00e9gatives qui en d\u00e9coulent, sur la base de caract\u00e9ristiques personnelles prot\u00e9g\u00e9es qui sont \u00e9num\u00e9r\u00e9es dans la loi sur les droits de la personne applicable. Les caract\u00e9ristiques personnelles (ou motifs) que les lois sur les droits de la personne prot\u00e8gent varient en fonction de la loi applicable (la province ou le territoire, ou la loi f\u00e9d\u00e9rale). Mais, ces caract\u00e9ristiques sont g\u00e9n\u00e9ralement similaires : le traitement diff\u00e9rent des employ\u00e9(e)s dans un milieu de travail en raison de son sexe biologique ou des attributs associ\u00e9s \u00e0 son sexe constitue de la discrimination et est interdit. Le 19 juin 2017, le gouvernement f\u00e9d\u00e9ral canadien a modifi\u00e9 la <\/span><a href=\"https:\/\/www.mcinnescooper.com\/publications\/words-matter-protection-from-discrimination-and-hate-expressly-extends-to-gender-identity-or-expression\/?utm_source=UMNB+&amp;utm_medium=referral&amp;utm_campaign=Take+Pride+%40+Work\"><span style=\"font-weight: 400;\">Loi canadienne sur les droits de la personne<\/span><\/a><span style=\"font-weight: 400; color: #000000;\"> afin d&rsquo;interdire express\u00e9ment la discrimination fond\u00e9e sur \u00ab\u00a0l&rsquo;identit\u00e9 ou l&rsquo;expression de genre\u00a0\u00bb. Les lois sur les droits de la personne de chaque province et territoire du Canada stipulent express\u00e9ment que la discrimination est interdite en raison d&rsquo;une variation de l&rsquo;identit\u00e9 de genre et\/ou de l&rsquo;expression de genre. Malgr\u00e9 cela, les employ\u00e9(e)s LGBTQ2S+ continuent de subir de la discrimination fond\u00e9e sur l&rsquo;expression et l&rsquo;identit\u00e9 de genre sur le milieu de travail. Voici quelques exemples :\u00a0<\/span><\/span><\/p>\n<p><span style=\"font-size: large;\"><span style=\"color: #000000;\"><b>Surnoms sexu\u00e9s<\/b><span style=\"font-weight: 400;\">. Dans l&rsquo;affaire <\/span><\/span><a href=\"https:\/\/www.canlii.org\/en\/bc\/bchrt\/doc\/2021\/2021bchrt137\/2021bchrt137.html?autocompleteStr=Nelson%20v.%20Goodberry%20Restaurant%20Group%20Ltd.%20dba%20Buono%20Osteria%20and%20others%2C%202021%20BCHRT%20137%20(CanLII)&amp;autocompletePos=1\"><i><span style=\"font-weight: 400;\">Nelson v. Goodberry Resturant Group Ltd. dba Buono Osteria and others<\/span><\/i><\/a><span style=\"font-weight: 400;\">, <span style=\"color: #000000;\">une d\u00e9cision de 2021, le B.C. Human Rights Tribunal a conclu que l&rsquo;utilisation de surnoms sexistes &#8211; en l&rsquo;occurrence \u00ab\u00a0sweetie\u00a0\u00bb, \u00ab\u00a0sweetheart\u00a0\u00bb et \u00ab\u00a0honey\u00a0\u00bb &#8211; \u00e0 l&rsquo;\u00e9gard d\u2019une personne de diverses identit\u00e9s de genre, qui avait demand\u00e9 \u00e0 plusieurs reprises \u00e0 son coll\u00e8gue et \u00e0 la direction de son employeur de mettre fin \u00e0 ces surnoms, \u00e9tait discriminatoire.\u00a0<\/span><\/span><\/span><\/p>\n<p><span style=\"font-size: large;\"><span style=\"color: #000000;\"><b>L&rsquo;usage abusif des pronoms<\/b><span style=\"font-weight: 400;\">. Dans Nelson, <\/span><i><span style=\"font-weight: 400;\">Nelson<\/span><\/i><span style=\"font-weight: 400;\">\u00a0le Tribunal a expliqu\u00e9 ce qui suit: \u00ab\u00a0Le nom\u00a0est une partie fondamentale de l\u2019identit\u00e9 d\u2019une personne. De la m\u00eame fa\u00e7on, les pronoms sont int\u00e9graux \u00e0 l\u2019identit\u00e9 d\u2019une personne et la fa\u00e7on primaire dont les gens s\u2019identifient entre eux \u00bb (Traduction). Cette d\u00e9cision, support\u00e9e par une d\u00e9cision rendue en 2021 par le Human Rights Tribunal de l\u2019Ontario dans l\u2019affaire <\/span><\/span><a href=\"https:\/\/www.canlii.org\/en\/on\/onhrt\/doc\/2021\/2021hrto240\/2021hrto240.html?autocompleteStr=EN%20v%20Gallagher%27s%20Bar%20and%20Lounge&amp;autocompletePos=1\"><i><span style=\"font-weight: 400;\">EN v. Gallagher\u2019s Bar and Lounge<\/span><\/i><\/a><span style=\"font-weight: 400;\">, <span style=\"color: #000000;\">confirme que l\u2019utilisation d\u00e9lib\u00e9r\u00e9e de pronoms erron\u00e9s par des coll\u00e8gues ou des superviseurs \u00e0 l\u2019\u00e9gard d\u2019employ\u00e9(e)s de diverses identit\u00e9s de genre, est discriminatoire. Il est important de noter que dans l\u2019affaire <\/span><\/span><span style=\"color: #000000;\"><i><span style=\"font-weight: 400;\">Nelson,<\/span><\/i> <span style=\"font-weight: 400;\">le Tribunal a reconnu \u00eatre concern\u00e9 par l\u2019impact du comportement plut\u00f4t qu\u2019\u00e0 l\u2019intention, tout en reconnaissant que l\u2019intention peut \u00eatre pertinente. Quoique des erreurs innocentes ne vont pas n\u00e9cessairement mener \u00e0 une plainte en mati\u00e8re de droits de la personne, une utilisation insensible, n\u00e9gligente ou d\u00e9lib\u00e9r\u00e9e des pronoms peut certainement amplifier l\u2019impact sur la personne atteinte.<\/span><\/span><\/span><\/p>\n<p><span style=\"font-size: large;\"><span style=\"color: #000000;\"><b>Milieu de travail\u00a0 toxique<\/b><span style=\"font-weight: 400;\">. Parfois, l\u2019ensemble forme quelque chose qui est plus critique et significatif que ses parties individuelles. Souvent, la discrimination ne se limite pas \u00e0 une seule cat\u00e9gorie de comportement, mais \u00e0 une combinaison de conduites et de comportements continus qui finissent par cr\u00e9er un environnement de travail toxique pour des employ\u00e9(e)s de diverses identit\u00e9s de genre. Par exemple, dans <\/span><\/span><a href=\"https:\/\/www.canlii.org\/en\/on\/onhrt\/doc\/2012\/2012hrto1977\/2012hrto1977.html\"><i><span style=\"font-weight: 400;\">Vanderputten c. Seydaco Packaging Corp.<\/span><\/i><\/a><i><span style=\"font-weight: 400;\">, <\/span><\/i><span style=\"font-weight: 400; color: #000000;\">une d\u00e9cision rendue en 2012 par le Tribunal des droits de la personne de l&rsquo;Ontario,\u00a0 le Tribunal a conclu qu\u2019une employ\u00e9e avait \u00e9t\u00e9 soumise \u00e0 un environnement de travail toxique en raison de commentaires harcelants sur son identit\u00e9 sexuelle, de l&rsquo;obligation d&rsquo;utiliser les vestiaires pour hommes (l&#8217;employ\u00e9e \u00e9tait en transition d&rsquo;homme \u00e0 femme) et de l&rsquo;insistance de l&#8217;employeur qu\u2019elle soit trait\u00e9e comme un homme jusqu&rsquo;\u00e0 ce que son op\u00e9ration soit termin\u00e9e. De m\u00eame, dans l&rsquo;affaire <\/span><a href=\"https:\/\/www.canlii.org\/en\/mb\/mbhrc\/doc\/2019\/2019mbhr13\/2019mbhr13.html\"><i><span style=\"font-weight: 400;\">T.M. c. Manitoba (Justice)<\/span><\/i><\/a><i><span style=\"font-weight: 400;\">,<\/span><\/i><span style=\"font-weight: 400; color: #000000;\"> le Tribunal a conclu que le harc\u00e8lement continu d\u2019un employ\u00e9 homosexuel &#8211; surnoms, insultes, \u00ab\u00a0blagues\u00a0\u00bb, insinuations et m\u00eame attouchements physiques constamment sexualis\u00e9s &#8211; fond\u00e9 sur son orientation sexuelle, avait cr\u00e9\u00e9 un environnement de travail toxique qui constituait une discrimination \u00e0 son \u00e9gard sur la base de son orientation sexuelle. Bien que l&rsquo;orientation sexuelle et l&rsquo;identit\u00e9 et l&rsquo;expression de genre ne soient pas identiques, le comportement discriminatoire l&rsquo;est souvent.<\/span><\/span><\/p>\n<p><span style=\"font-size: large;\"><span style=\"color: #000000;\"><b>Manquement de l&#8217;employeur \u00e0 r\u00e9agir de mani\u00e8re raisonnable.<\/b><span style=\"font-weight: 400;\"> Il incombe \u00e0 l&#8217;employeur d\u2019offrir un milieu de travail sain et s\u00e9curitaire aux employ\u00e9(e)s, y compris ceux de sexe diff\u00e9rent. Le fait qu&rsquo;un employeur ne r\u00e9agisse pas du tout, ou qu&rsquo;il ne r\u00e9agisse pas de mani\u00e8re raisonnable, \u00e0 de la discrimination dans un milieu de travail peut, en soi, constituer de la discrimination ou y contribuer. Comme l&rsquo;a rappel\u00e9 le Tribunal dans l&rsquo;affaire <\/span><i><span style=\"font-weight: 400;\">Nelson<\/span><\/i><span style=\"font-weight: 400;\">, l&#8217;employeur est tenu de r\u00e9pondre de mani\u00e8re raisonnable et appropri\u00e9e aux plaintes de discrimination, y compris en menant une enqu\u00eate. En \u00e9valuant la r\u00e9ponse d\u2019un employeur \u00e0 une all\u00e9gation de discrimination, le Tribunal peut prendre en consid\u00e9ration un certain nombre de facteurs, y compris si l\u2019employeur avait une bonne compr\u00e9hension de la discrimination, s&rsquo;il a trait\u00e9 s\u00e9rieusement des all\u00e9gations, s\u2019il a agi sensiblement et si la plainte a \u00e9t\u00e9 r\u00e9solue de mani\u00e8re \u00e0 garantir un milieu de travail sain et s\u00e9curitaire. Dans chacune des affaires <\/span><\/span><i><span style=\"font-weight: 400;\">Vanderputten<\/span><\/i><span style=\"font-weight: 400;\">, <\/span><i><span style=\"font-weight: 400;\">T.M<\/span><\/i><span style=\"font-weight: 400;\">., <\/span><i><span style=\"font-weight: 400;\">EN<\/span><\/i><span style=\"font-weight: 400;\"> et <\/span><i><span style=\"font-weight: 400;\">Nelson<\/span><\/i><span style=\"font-weight: 400;\">, <span style=\"color: #000000;\">la r\u00e9ponse de l&#8217;employeur au comportement discriminatoire n&rsquo;avait pas \u00e9t\u00e9 \u00e0 la hauteur de ses obligations.<\/span><\/span><\/span><\/p>\n<p><span style=\"font-size: large; color: #000000;\"><b>Licenciement fond\u00e9 sur l&rsquo;identit\u00e9 de genre<\/b><span style=\"font-weight: 400;\">. Le licenciement d&rsquo;un(e) employ\u00e9(e) issu(e) de la diversit\u00e9 de genre, si son identit\u00e9 de genre ne serait-ce qu&rsquo;un facteur dans la d\u00e9cision de licenciement, peut \u00eatre un acte discriminatoire. Mais souvent, le licenciement, qu&rsquo;il s&rsquo;agisse d&rsquo;un licenciement explicite (comme dans les affaires <\/span><i><span style=\"font-weight: 400;\">Vanderputten<\/span><\/i><span style=\"font-weight: 400;\"> et <\/span><i><span style=\"font-weight: 400;\">Nelson<\/span><\/i><span style=\"font-weight: 400;\">) ou d&rsquo;un licenciement implicite (comme dans l&rsquo;affaire <\/span><i><span style=\"font-weight: 400;\">EN<\/span><\/i><span style=\"font-weight: 400;\">), est le point culminant d&rsquo;une s\u00e9rie de comportements discriminatoires, y compris le manquement de l&#8217;employeur \u00e0 son obligation de r\u00e9agir. Qu&rsquo;il s&rsquo;agisse d&rsquo;un seul acte ou de l&rsquo;aboutissement d&rsquo;une s\u00e9rie de comportements, le licenciement d&rsquo;un(e) employ\u00e9(e) fond\u00e9, m\u00eame en partie, sur son identit\u00e9 de genre, est une violation de la loi sur les droits de la personne.\u00a0<\/span><\/span><\/p>\n<p><span style=\"font-size: large;\"><span style=\"color: #000000;\"><span style=\"font-weight: 400;\">L&rsquo;interdiction de discriminer en mati\u00e8re d\u2019emploi ne signifie pas qu&rsquo;un employeur doive n\u00e9cessairement traiter ses employ\u00e9(e)s non conformes au genre exactement de la m\u00eame mani\u00e8re que les autres. Comme l&rsquo;a not\u00e9 Tribunal des droits de la personne de l&rsquo;Ontario dans l&rsquo;affaire <\/span><i><span style=\"font-weight: 400;\">Vanderputten<\/span><\/i><i><span style=\"font-weight: 400;\">,<\/span><\/i><\/span><span style=\"font-weight: 400;\"><span style=\"color: #000000;\"> \u00a0\u00bb [l]es questions relatives \u00e0 ce que la loi sur les droits de la personne exige en termes de traitement des transgenres (sic), des intersexu\u00e9s, des transsexuels et des autres identit\u00e9s de genre dans les domaines qui ont \u00e9t\u00e9 divis\u00e9s par le sexe ont fait, et continueront sans doute \u00e0 faire, l&rsquo;objet de litiges et d&rsquo;analyses en vertu de la l\u00e9gislation sur les droits de la personne \u00a0\u00bb (traduction). Cela signifie toutefois que les employeurs ne doivent pas faire preuve de discrimination envers leurs employ\u00e9(e)s sur la base de l&rsquo;expression ou de l&rsquo;identit\u00e9 de genre. Les employeurs doivent accommoder ces employ\u00e9(e)s jusqu&rsquo;\u00e0 ce qu&rsquo;ils subissent une contrainte excessive. La m\u00eame r\u00e8gle d\u2019accommodement s\u2019applique que lorsque les autres caract\u00e9ristiques personnelles qui sont prot\u00e9g\u00e9es par la loi sur les droits de la personne rentrent en jeu, comme, par exemple<\/span>, <\/span><a href=\"https:\/\/www.mcinnescooper.com\/publications\/5-employer-faqs-about-religious-accommodation-work\/?utm_source=UMNB+&amp;utm_medium=referral&amp;utm_campaign=Take+Pride+%40+Work\"><span style=\"font-weight: 400;\">la religion<\/span><\/a><span style=\"font-weight: 400;\">, <\/span><a href=\"https:\/\/www.mcinnescooper.com\/publications\/the-sandwiched-employee-5-employer-family-status-discrimination-faqs\/\"><span style=\"font-weight: 400;\">la situation de famille<\/span><\/a><span style=\"font-weight: 400;\">, <span style=\"color: #000000;\">la consommation de cannabis \u00e0 des fins m\u00e9dicales et la d\u00e9pendance aux drogues, et <\/span><\/span><a href=\"https:\/\/www.mcinnescooper.com\/publications\/the-duty-to-accommodate-mental-disability-5-practical-tips-to-help-employers-mentally-prepare\/\"><span style=\"font-weight: 400;\">l\u2019incapacit\u00e9 mentale<\/span><\/a><span style=\"font-weight: 400;\">.<\/span><\/span><\/p>\n<p><span style=\"font-size: large;\">\u00a0<\/span><\/p>\n<ol start=\"3\">\n<li><span style=\"font-size: large; color: #000000;\"><b> Mettre en \u0153uvre &#8211; et soutenir visiblement &#8211; une politique de diversit\u00e9 des genres<\/b><\/span><\/li>\n<\/ol>\n<p><span style=\"font-size: large;\"><span style=\"font-weight: 400; color: #000000;\">L&rsquo;une des choses les plus importantes qu&rsquo;un employeur puisse faire pour soutenir la diversit\u00e9 de genre dans un milieu de travail est de mettre en \u0153uvre des <\/span><a href=\"https:\/\/www.mcinnescooper.com\/publications\/be-diligent-5-practical-steps-to-enforceable-workplace-policies\/?utm_source=UMNB+&amp;utm_medium=referral&amp;utm_campaign=Take+Pride+%40+Work\"><span style=\"font-weight: 400;\">politiques<\/span><\/a><span style=\"font-weight: 400; color: #000000;\"> de diversit\u00e9 de genre et de les soutenir visiblement. Les employeurs qui agissent ainsi semblent accumuler des distinctions importantes : en f\u00e9vrier 2016, la Harvard Business Review a publi\u00e9 un article intitul\u00e9 <\/span><a href=\"https:\/\/hbr.org\/2016\/02\/lgbt-inclusive-companies-are-better-at-3-big-things\"><span style=\"font-weight: 400;\">\u00ab\u00a0LGBT-Inclusive Companies Are Better at 3 Big Things\u00a0\u00bb<\/span><\/a><span style=\"font-weight: 400;\">, <span style=\"color: #000000;\">qui fait r\u00e9f\u00e9rence au rapport du Center for Talent Innovation (aujourd&rsquo;hui COQUAL), intitul\u00e9 <\/span><\/span><a href=\"https:\/\/coqual.org\/reports\/out-in-the-world\/\"><span style=\"font-weight: 400;\">\u00ab\u00a0Out in the World : Securing LGBT Rights in the Global Marketplace\u00a0\u00bb<\/span><\/a><span style=\"font-weight: 400;\">, <span style=\"color: #000000;\">qui affirme que \u00ab\u00a0la lutte contre la discrimination LGBT rend une entreprise comp\u00e9titive sur trois fronts\u00a0\u00bb. Le recrutement est l&rsquo;un de ces fronts. Et l&rsquo;attrait est plus large : dans le rapport du <\/span><\/span><a href=\"https:\/\/www.talentinnovation.org\/_private\/assets\/OutInTheWorld_Infographic-CTI.pdf\"><span style=\"font-weight: 400;\">Center for Talent Innovations, 72 % de toutes les personnes interrog\u00e9es<\/span><\/a><span style=\"font-weight: 400;\">, <span style=\"color: #000000;\">y compris les personnes non LGBTQ2S+, ont indiqu\u00e9 qu&rsquo;elles \u00e9taient plus susceptibles d&rsquo;accepter un emploi aupr\u00e8s d&rsquo;un employeur qui soutient les employ\u00e9(e)s LGBTQ2S+ qu&rsquo;aupr\u00e8s d&rsquo;un employeur qui ne le fait pas.<\/span><\/span><\/span><\/p>\n<p><span style=\"font-size: large;\"><span style=\"color: #000000;\"><b>Politiques.<\/b><span style=\"font-weight: 400;\"> R\u00e9visez toutes les politiques existantes dans votre milieu de travail afin de vous assurer qu&rsquo;elles int\u00e8grent la diversit\u00e9 de genre et qu&rsquo;elles remplissent vos obligations l\u00e9gales en tant l&#8217;employeur. Par exemple, <\/span><\/span><a href=\"https:\/\/www.mcinnescooper.com\/publications\/label-delicate-workplace-dress-codes-test-tips\/?utm_source=UMNB+&amp;utm_medium=referral&amp;utm_campaign=Take+Pride+%40+Work\"><span style=\"font-weight: 400;\">un code vestimentaire dans un milieu de travail<\/span><\/a><span style=\"font-weight: 400; color: #000000;\"> peut sembler neutre \u00e0 premi\u00e8re vue, mais avoir un effet n\u00e9gatif sur employ\u00e9(e)s non conformes au genre. Il suffit souvent d&rsquo;une r\u00e9vision minimale pour transformer ces politiques en politiques respectueuses de l&rsquo;\u00e9galit\u00e9 entre les genres. Les employ\u00e9(e)s ont le droit d&rsquo;utiliser les toilettes correspondant \u00e0 leur genre, quel que soit le sexe assign\u00e9 \u00e0 la naissance. Selon le milieu de travail, il peut \u00eatre facile de convertir des installations en installations neutres. M\u00eame si ce n&rsquo;est pas le cas, et m\u00eame si un(e) employ\u00e9(e) est, par exemple, en cours de transition (comme dans l&rsquo;affaire <\/span><a href=\"https:\/\/www.canlii.org\/en\/on\/onhrt\/doc\/2012\/2012hrto1977\/2012hrto1977.html\"><i><span style=\"font-weight: 400;\">Vanderputten<\/span><\/i><\/a><span style=\"font-weight: 400;\">), <span style=\"color: #000000;\">l&#8217;employeur est tenu de prendre d\u2019accommoder l\u2019employ\u00e9. La <\/span><\/span><a href=\"https:\/\/www.ohrc.on.ca\/fr\/politique-sur-la-pr%C3%A9vention-de-la-discrimination-fond%C3%A9e-sur-l%E2%80%99identit%C3%A9-sexuelle-et-l%E2%80%99expression-de-l\/annexe-c-liste-de-v%C3%A9rification-des-pratiques-exemplaires\"><span style=\"font-weight: 400;\">\u00ab\u00a0liste de contr\u00f4le des meilleures pratiques\u00a0\u00bb<\/span><\/a><span style=\"font-weight: 400; color: #000000;\"> (traduction) de la Commission des droits de la personne de l\u2019Ontario est un guide utile.<\/span><\/span><\/p>\n<p><span style=\"font-size: large; color: #000000;\"><b>Accueil.<\/b><span style=\"font-weight: 400;\"> Mettre \u00e0 jour les programmes d&rsquo;orientation des employ\u00e9(e)s sur la discrimination et le harc\u00e8lement afin de s&rsquo;assurer qu&rsquo;ils incluent la diversit\u00e9 des genres et les politiques LGBTQ2S+.<\/span><\/span><\/p>\n<p><span style=\"font-size: large; color: #000000;\"><b>Directives de transition<\/b><span style=\"font-weight: 400;\">. En particulier, int\u00e9grez des directives de transition pour les employ\u00e9(e)s transgenres dans votre politique de diversit\u00e9 de genre. Ces lignes directrices doivent \u00eatre suffisamment souples pour pouvoir \u00eatre facilement personnalis\u00e9es afin de r\u00e9pondre aux besoins particuliers d&rsquo;un(e) employ\u00e9(e) en transition, tout en \u00e9tant suffisamment sp\u00e9cifiques pour fournir un cadre coh\u00e9rent qui \u00e9limine la confusion et les erreurs de gestion et garantit une approche collaborative. Abordez les questions suivantes dans les lignes directrices :<\/span><\/span><\/p>\n<p><span style=\"font-weight: 400; font-size: large; color: #000000;\">&#8211; Qui est charg\u00e9 d&rsquo;aider les employ\u00e9(e)s en transition \u00e0 g\u00e9rer sa transition dans votre milieu de travail ?<\/span><\/p>\n<p><span style=\"font-weight: 400; font-size: large; color: #000000;\">&#8211; Ce qu&rsquo;un(e) employ\u00e9(e)en transition peut attendre de la direction.<\/span><\/p>\n<p><span style=\"font-weight: 400; font-size: large; color: #000000;\">&#8211; Les attentes de la direction \u00e0 l&rsquo;\u00e9gard des employ\u00e9(e)s en transition et du groupe de personne LGBTQ2S+ travaillant dans l\u2019entreprise pour faciliter une transition r\u00e9ussie dans vos milieux de travail.<\/span><\/p>\n<p><span style=\"font-weight: 400; font-size: large; color: #000000;\">&#8211; La proc\u00e9dure g\u00e9n\u00e9rale de mise en \u0153uvre des changements li\u00e9s \u00e0 la transition sur le milieu de travail, tels que l&rsquo;ajustement des dossiers administratifs et du personnel, ainsi que les plans de communication pour les coll\u00e8gues et les clients.<\/span><\/p>\n<p><span style=\"font-weight: 400; font-size: large; color: #000000;\">&#8211; Des r\u00e9ponses aux questions fr\u00e9quemment pos\u00e9es sur des sujets tels que les codes vestimentaires et l&rsquo;utilisation des toilettes ou des vestiaires.<\/span><\/p>\n<p><span style=\"font-size: large; color: #000000;\">\u00a0<\/span><\/p>\n<ol start=\"4\">\n<li><span style=\"font-size: large; color: #000000;\"><b> Aider \u00e0 la communication sur le milieu de travail<\/b><\/span><\/li>\n<\/ol>\n<p><span style=\"font-size: large; color: #000000;\">\u00a0<\/span><\/p>\n<p><span style=\"font-weight: 400; font-size: large; color: #000000;\">L&rsquo;une des fa\u00e7ons les plus importantes dont un employeur peut soutenir un(e) employ\u00e9(e) non conforme au genre est de communiquer avec les autres employ\u00e9(e)s dans son milieu de travail, mais seulement avec l&rsquo;autorisation de la personne en question. Sans cette autorisation, la divulgation d&rsquo;une telle information pourrait constituer en soi un harc\u00e8lement. Par exemple, lorsqu&rsquo;un(e) personne transgenre travaillant pour l\u2019entreprise est en transition, un message de soutien de la part de la direction adress\u00e9 aux coll\u00e8gues, et plus particuli\u00e8rement \u00e0 ceux qui sont en contact direct avec la personne en transition, annon\u00e7ant le projet de transition de la personne, communiquant ses valeurs et les politiques pertinentes, favorise un milieu de travail diversifi\u00e9 et exempt de harc\u00e8lement et peut donner un ton positif \u00e0 la situation.\u00a0<\/span><\/p>\n<p><span style=\"font-size: large; color: #000000;\">\u00a0<\/span><\/p>\n<ol start=\"5\">\n<li><span style=\"font-size: large; color: #000000;\"><b> Sensibiliser et former les coll\u00e8gues, les cadres et les superviseurs<\/b><\/span><\/li>\n<\/ol>\n<p><span style=\"font-weight: 400; font-size: large; color: #000000;\">D&rsquo;autres employ\u00e9(e)s peuvent se sentir mal \u00e0 l&rsquo;aise face \u00e0 l&rsquo;expression du genre de ses coll\u00e8gues. Ce malaise peut \u00eatre attribu\u00e9 \u00e0 un manque d&rsquo;\u00e9ducation, au chagrin caus\u00e9 par la perte d&rsquo;une relation existante, \u00e0 l&rsquo;incertitude concernant une relation future ou \u00e0 des croyances religieuses. Quelle que soit la source du malaise, il est important que l&#8217;employeur tente de r\u00e9pondre \u00e0 ces sentiments et pr\u00e9occupations par l&rsquo;\u00e9ducation et la discussion. Mais, en fin de compte, l&#8217;employeur a la responsabilit\u00e9 de fournir \u00e0 tous ses employ\u00e9(e)s, y compris ceux qui sont issus de la diversit\u00e9 de genre, un milieu de travail sain et s\u00fbr, exempt de toute discrimination et de tout harc\u00e8lement.<\/span><\/p>\n<p><span style=\"font-size: large;\"><span style=\"color: #000000;\"><b>Tous les membres du personnel<\/b><span style=\"font-weight: 400;\">. Une \u00e9ducation et une formation suppl\u00e9mentaires de tous les employ\u00e9(e)s en mati\u00e8re de respect dans le milieu de travail peuvent souvent aider les coll\u00e8gues \u00e0 comprendre et \u00e0 r\u00e9duire leur malaise face \u00e0 la diversit\u00e9 des genres. Par exemple, afin de traiter les pr\u00e9occupations fond\u00e9es sur les croyances religieuses, l\u2019employeur peut renvoyer l\u2019employ\u00e9(e) \u00e0 la loi sur les droits de la personne applicable et \u00e0 sa politique en mati\u00e8re de harc\u00e8lement, visant \u00e0 garantir un traitement \u00e9quitable et le respect de l&rsquo;obligation l\u00e9gale de l&#8217;employeur \u00e0 l&rsquo;\u00e9gard de tous ses employ\u00e9(e)s. Par exemple, dans <\/span><\/span><a href=\"https:\/\/www.canlii.org\/en\/ab\/ablrb\/doc\/2021\/2021canlii95070\/2021canlii95070.html?autocompleteStr=Complainant%20v%20Alberta%20Union%20of%20Provincial%20Employees%2C%202021%20CanLII%2095070%20(AB%20LRB)&amp;autocompletePos=1\"><i><span style=\"font-weight: 400;\">Complainant v. Alberta Union of Provincial Employees<\/span><\/i><\/a><span style=\"font-weight: 400;\">, <span style=\"color: #000000;\">une d\u00e9cision rendue en 2021 par l&rsquo;Alberta Labour Relations Board, un employ\u00e9 avait contest\u00e9 l&rsquo;identit\u00e9 sexuelle d&rsquo;un pr\u00e9sentateur transgenre externe lors d&rsquo;un s\u00e9minaire sur la diversit\u00e9 et l&rsquo;inclusion dans le milieu de travail parrain\u00e9 par l&#8217;employeur, apparemment sur la base de ses croyances religieuses. Apr\u00e8s que le pr\u00e9sentateur s&rsquo;est plaint, l&#8217;employeur a men\u00e9 une enqu\u00eate et a suspendu l\u2019employ\u00e9 pendant cinq jours, estimant que sa conduite \u00e9tait discriminatoire et irrespectueuse. L\u2019employ\u00e9 a d\u00e9pos\u00e9 un grief contre la mesure disciplinaire, mais ultimement, le syndicat a refus\u00e9 de poursuivre le grief, \u00e9tant d\u2019avis qu\u2019il \u00e9tait improbable qu\u2019il ait gain de cause. L\u2019employ\u00e9 a all\u00e9gu\u00e9 que le syndicat avait manqu\u00e9 \u00e0 son devoir de repr\u00e9sentation \u00e9quitable en faisant preuve de discrimination \u00e0 son \u00e9gard parce qu&rsquo;il avait exprim\u00e9 ses convictions religieuses tout au long du s\u00e9minaire, de l&rsquo;enqu\u00eate et de l&rsquo;audience. Le Tribunal a conclu qu&rsquo;il n&rsquo;y avait aucune preuve que le syndicat avait fait preuve de discrimination \u00e0 l&rsquo;\u00e9gard de cet employ\u00e9.\u00a0<\/span><\/span><\/span><\/p>\n<p><span style=\"font-size: large;\"><span style=\"color: #000000;\"><b>Les cadres et les superviseurs<\/b><span style=\"font-weight: 400;\">. Bien que la formation et l&rsquo;\u00e9ducation de tous les membres du personnel soient importantes, les cadres et les superviseurs sont en premi\u00e8re ligne de votre organisation et sont id\u00e9alement plac\u00e9s pour reconna\u00eetre les probl\u00e8mes, les r\u00e9soudre et faire appliquer vos politiques. Veillez \u00e0 <\/span><\/span><a href=\"https:\/\/www.mcinnescooper.com\/workshops\/duty-to-accommodate-dilemmas\/?utm_source=UMNB+&amp;utm_medium=referral&amp;utm_campaign=Take+Pride+%40+Work\"><span style=\"font-weight: 400;\">sensibiliser et \u00e0 former les cadres et les superviseurs \u00e0 vos obligations l\u00e9gales<\/span><\/a><span style=\"font-weight: 400;\">, <span style=\"color: #000000;\">notamment en ce qui concerne le respect dans le milieu de travail, la non-discrimination et l\u2019accommodation. <\/span><\/span><span style=\"font-weight: 400; color: #000000;\"><\/span><\/span><\/p>\n<p><span style=\"font-size: large;\"><span style=\"font-weight: 400; color: #000000;\">Veuillez contacter votre avocat(e) chez McInnes Cooper ou un membre de notre <\/span><a href=\"https:\/\/www.mcinnescooper.com\/fr\/services\/droit-du-travail-et-de-lemploi\/\"><span style=\"font-weight: 400;\">\u00e9quipe Travail et emploi @ McInnes Cooper<\/span><\/a><span style=\"font-weight: 400; color: #000000;\"> pour discuter de la mani\u00e8re dont vous pouvez soutenir la diversit\u00e9 des genres sur votre milieu de travail, et consultez notre atelier de <\/span><a href=\"https:\/\/www.mcinnescooper.com\/workshops\/duty-to-accommodate-dilemmas\/?utm_source=UMNB+&amp;utm_medium=referral&amp;utm_campaign=Take+Pride+%40+Work\"><span style=\"font-weight: 400;\">formation MC, Dilemmes de l&rsquo;obligation d&rsquo;adaptation,<\/span><\/a><span style=\"font-weight: 400; color: #000000;\"> pour former vos cadres et superviseurs \u00e0 la gestion des demandes d\u2019accommodement li\u00e9es \u00e0 la diversit\u00e9 des genres.<\/span><\/span><\/p>\n<p><span style=\"font-size: large; color: #000000;\">\u00a0<\/span><\/p>\n<p><span style=\"color: #000000;\"><em><span style=\"font-weight: 400; font-size: large;\">Cet article n&rsquo;a qu&rsquo;une valeur informative. Il ne s&rsquo;agit pas d&rsquo;un avis juridique. McInnes Cooper exclut toute responsabilit\u00e9 quant au contenu ou \u00e0 l&rsquo;utilisation de cet article. McInnes Cooper, 2017. Tous droits r\u00e9serv\u00e9s.<\/span><\/em><\/span><\/p>\n<p>&nbsp;<\/p>\n<p>[\/et_pb_text][\/et_pb_column][\/et_pb_row][et_pb_row _builder_version=\u00a0\u00bb4.20.2&Prime; _module_preset=\u00a0\u00bbdefault\u00a0\u00bb global_colors_info=\u00a0\u00bb{}\u00a0\u00bb][et_pb_column type=\u00a0\u00bb4_4&Prime; _builder_version=\u00a0\u00bb4.20.2&Prime; _module_preset=\u00a0\u00bbdefault\u00a0\u00bb global_colors_info=\u00a0\u00bb{}\u00a0\u00bb][et_pb_image src=\u00a0\u00bbhttps:\/\/umnb.ca\/wp-content\/uploads\/2024\/07\/New-McInnes-Cooper-Logo-CMYK-2.jpg\u00a0\u00bb title_text=\u00a0\u00bbNew McInnes Cooper Logo CMYK\u00a0\u00bb _builder_version=\u00a0\u00bb4.20.2&Prime; _module_preset=\u00a0\u00bbdefault\u00a0\u00bb global_colors_info=\u00a0\u00bb{}\u00a0\u00bb][\/et_pb_image][\/et_pb_column][\/et_pb_row][\/et_pb_section]<\/p>\n","protected":false},"excerpt":{"rendered":"<p>Par\u00a0McInnes Cooper L&rsquo;ascension des principes ESG (environnement, social et gouvernance) a augment\u00e9 l&rsquo;attention port\u00e9e \u00e0 la diversit\u00e9 et \u00e0 l&rsquo;inclusion dans les milieux de travail (DEI) en g\u00e9n\u00e9ral. Pourtant, les employ\u00e9(e)s transgenres et issus de la diversit\u00e9 de genre continuent de faire face \u00e0 de nombreux d\u00e9fis dans les milieux de travail, notamment la vuln\u00e9rabilit\u00e9 [&hellip;]<\/p>\n","protected":false},"author":2,"featured_media":0,"comment_status":"closed","ping_status":"open","sticky":false,"template":"","format":"standard","meta":{"_et_pb_use_builder":"on","_et_pb_old_content":"","_et_gb_content_width":"","footnotes":""},"categories":[],"tags":[],"class_list":["post-11582","post","type-post","status-publish","format-standard","hentry"],"_links":{"self":[{"href":"https:\/\/umnb.ca\/fr\/wp-json\/wp\/v2\/posts\/11582\/"}],"collection":[{"href":"https:\/\/umnb.ca\/fr\/wp-json\/wp\/v2\/posts\/"}],"about":[{"href":"https:\/\/umnb.ca\/fr\/wp-json\/wp\/v2\/types\/post\/"}],"author":[{"embeddable":true,"href":"https:\/\/umnb.ca\/fr\/wp-json\/wp\/v2\/users\/2\/"}],"replies":[{"embeddable":true,"href":"https:\/\/umnb.ca\/fr\/wp-json\/wp\/v2\/comments\/?post=11582"}],"version-history":[{"count":3,"href":"https:\/\/umnb.ca\/fr\/wp-json\/wp\/v2\/posts\/11582\/revisions\/"}],"predecessor-version":[{"id":11588,"href":"https:\/\/umnb.ca\/fr\/wp-json\/wp\/v2\/posts\/11582\/revisions\/11588\/"}],"wp:attachment":[{"href":"https:\/\/umnb.ca\/fr\/wp-json\/wp\/v2\/media\/?parent=11582"}],"wp:term":[{"taxonomy":"category","embeddable":true,"href":"https:\/\/umnb.ca\/fr\/wp-json\/wp\/v2\/categories\/?post=11582"},{"taxonomy":"post_tag","embeddable":true,"href":"https:\/\/umnb.ca\/fr\/wp-json\/wp\/v2\/tags\/?post=11582"}],"curies":[{"name":"wp","href":"https:\/\/api.w.org\/{rel}","templated":true}]}}