{"id":10812,"date":"2024-03-26T11:41:06","date_gmt":"2024-03-26T11:41:06","guid":{"rendered":"https:\/\/umnb.ca\/communique-de-presse-la-sante-financiere-est-la-principale-priorite-pour-les-municipalites\/"},"modified":"2024-03-27T11:44:39","modified_gmt":"2024-03-27T11:44:39","slug":"communique-de-presse-la-sante-financiere-est-la-principale-priorite-pour-les-municipalites","status":"publish","type":"post","link":"https:\/\/umnb.ca\/fr\/communique-de-presse-la-sante-financiere-est-la-principale-priorite-pour-les-municipalites\/","title":{"rendered":"COMMUNIQU\u00c9 DE PRESSE: La sant\u00e9 financi\u00e8re est la principale priorit\u00e9 pour les municipalit\u00e9s"},"content":{"rendered":"<p>[et_pb_section fb_built=\u00a0\u00bb1&Prime; _builder_version=\u00a0\u00bb4.20.2&Prime; _module_preset=\u00a0\u00bbdefault\u00a0\u00bb global_colors_info=\u00a0\u00bb{}\u00a0\u00bb][et_pb_row _builder_version=\u00a0\u00bb4.20.2&Prime; _module_preset=\u00a0\u00bbdefault\u00a0\u00bb custom_margin=\u00a0\u00bb-57px|auto||auto||\u00a0\u00bb custom_padding=\u00a0\u00bb46px|||||\u00a0\u00bb global_colors_info=\u00a0\u00bb{}\u00a0\u00bb][et_pb_column type=\u00a0\u00bb4_4&Prime; _builder_version=\u00a0\u00bb4.20.2&Prime; _module_preset=\u00a0\u00bbdefault\u00a0\u00bb global_colors_info=\u00a0\u00bb{}\u00a0\u00bb][et_pb_text _builder_version=\u00a0\u00bb4.20.2&Prime; _module_preset=\u00a0\u00bbdefault\u00a0\u00bb global_colors_info=\u00a0\u00bb{}\u00a0\u00bb]<\/p>\n<p><span style=\"font-weight: 400; color: #000000; font-size: large;\">Le 26 mars 2024<\/span><\/p>\n<p><span style=\"color: #000000; font-size: large;\"><span style=\"font-weight: 400;\">Fredericton, NB <\/span><span style=\"font-weight: 400;\">\u2013 <\/span><span style=\"font-weight: 400;\">Des dirigeants municipaux de partout au Nouveau-Brunswick se sont rencontr\u00e9s la semaine derni\u00e8re pour discuter des d\u00e9fis urgents auxquels font face leurs collectivit\u00e9s, et plus particuli\u00e8rement de leur combat pour maintenir leur sant\u00e9 financi\u00e8re, dans le cadre des Journ\u00e9es de la repr\u00e9sentation des int\u00e9r\u00eats 2024 tenues par l\u2019Union des municipalit\u00e9s du Nouveau-Brunswick.\u00a0<\/span><\/span><\/p>\n<p><span style=\"font-weight: 400; color: #000000; font-size: large;\">\u00ab\u00a0Les municipalit\u00e9s sont aux prises avec des probl\u00e8mes financiers dus \u00e0 l\u2019insuffisance des subventions et au manque de partage des revenus avec la province. Si aucune r\u00e9forme significative n\u2019a lieu maintenant, des municipalit\u00e9s sous-financ\u00e9es pourraient \u00eatre forc\u00e9es de prendre des d\u00e9cisions difficiles, comme par exemple r\u00e9duire certains services ou augmenter les imp\u00f4ts fonciers\u00a0\u00bb, a d\u00e9clar\u00e9 Andrew Black, pr\u00e9sident de l\u2019Union des municipalit\u00e9s du Nouveau-Brunswick (UMNB) et maire de Tantramar.<\/span><\/p>\n<p><span style=\"font-weight: 400; color: #000000; font-size: large;\">Les maires et les conseillers ont fait conna\u00eetre leurs pr\u00e9occupations aux chefs de tous les principaux partis politiques. Ils ont insist\u00e9 sur l\u2019importance du r\u00f4le jou\u00e9 par les municipalit\u00e9s dans le renforcement des succ\u00e8s de la province et du bien-\u00eatre des r\u00e9sidents. \u00ab\u00a0Les municipalit\u00e9s, qui sont le palier de gouvernement le plus proche des gens, fournissent des services essentiels qui ont une incidence consid\u00e9rable dans leur vie quotidienne\u00a0\u00bb, a soulign\u00e9 M. Black.<\/span><\/p>\n<p><span style=\"font-weight: 400; color: #000000; font-size: large;\">Les municipalit\u00e9s ont \u00e9t\u00e9 encourag\u00e9es par une r\u00e9affirmation de Glen Savoie, le ministre des Gouvernements locaux, quant \u00e0 l\u2019engagement de la province \u00e0 d\u00e9velopper un nouveau plan fiscal pour les municipalit\u00e9s d\u2019ici la fin de l\u2019ann\u00e9e. Mais, m\u00eame si cette annonce a \u00e9t\u00e9 bien accueillie, les membres de l\u2019UMNB ont signal\u00e9 \u00e0 quel point il est important qu\u2019ils soient consult\u00e9s et impliqu\u00e9s d\u2019une mani\u00e8re significative dans le processus, pour s\u2019assurer que le nouveau cadre fiscal concorde parfaitement avec les besoins et les d\u00e9fis des municipalit\u00e9s \u00e0 la grandeur de la province.<\/span><\/p>\n<p><span style=\"font-weight: 400; color: #000000; font-size: large;\">\u00ab\u00a0Les d\u00e9fis grandissants associ\u00e9s aux co\u00fbts croissants et \u00e0 l\u2019accessibilit\u00e9 auxquels se heurtent les municipalit\u00e9s demandent une attention imm\u00e9diate et des solutions durables pour garantir le bien-\u00eatre de ces derni\u00e8res\u00a0\u00bb, a indiqu\u00e9 M. Black. \u00ab\u00a0Les municipalit\u00e9s ne peuvent plus supporter le statu quo. Nos discussions ont d\u00e9montr\u00e9 de fa\u00e7on \u00e9vidente que nous sommes tous en difficult\u00e9.\u00a0\u00bb<\/span><\/p>\n<p><span style=\"font-weight: 400; color: #000000; font-size: large;\">Les municipalit\u00e9s ont assist\u00e9 \u00e0 une pr\u00e9sentation du professeur Craig Brett, portant sur des constatations relatives \u00e0 la diminution de la capacit\u00e9 fiscale et \u00e0 l\u2019accessibilit\u00e9 au niveau municipal et sur ce que pourraient signifier de nouveaux leviers de revenus pour les gouvernements locaux.<\/span><\/p>\n<p><span style=\"font-weight: 400; color: #000000; font-size: large;\">Les responsables municipaux ont \u00e9galement rencontr\u00e9 des repr\u00e9sentants de la Saskatchewan Urban Municipalities Association (SUMA) et de l\u2019Union des municipalit\u00e9s du Qu\u00e9bec (UMQ), qui \u00e9taient pr\u00e9sents \u00e0 la conf\u00e9rence pour discuter de leurs efforts fructueux de mise en \u0153uvre de nouvelles ententes de partage des revenus dans leurs provinces respectives.<\/span><\/p>\n<p><span style=\"font-weight: 400; color: #000000; font-size: large;\"><\/span><\/p>\n<p style=\"text-align: center;\"><span style=\"font-weight: 400; font-size: large; color: #000000;\">\u2013 30 \u2013<\/span><\/p>\n<p><span style=\"color: #000000; font-size: large;\"><b>\u00c0 propos de l\u2019UMNB\u00a0:<\/b><\/span><\/p>\n<p><span style=\"font-weight: 400; color: #000000; font-size: large;\">L\u2019UMNB est une association bilingue de 56 municipalit\u00e9s de tailles et de profils linguistiques diversifi\u00e9s. Ensemble, nos membres repr\u00e9sentent pr\u00e8s de 80\u00a0% de la population du N.-B.<\/span><\/p>\n<p><span style=\"font-weight: 400; color: #000000; font-size: large;\">\u00a0<\/span><\/p>\n<p><span style=\"color: #000000; font-size: large;\"><b>Contact m\u00e9dia\u00a0:<\/b><\/span><\/p>\n<p><span style=\"font-weight: 400; color: #000000; font-size: large;\">UMNB<\/span><\/p>\n<p><span style=\"font-weight: 400; color: #000000; font-size: large;\">Vanessa Pettersson<\/span><\/p>\n<p><span style=\"font-weight: 400; color: #000000; font-size: large;\">vanessa.pettersson@umnb.ca\u00a0\u00a0\u00a0<\/span><\/p>\n<p><span style=\"font-weight: 400; color: #000000; font-size: large;\">506 \u2013 444 \u2013 2285<\/span><\/p>\n<table>\n<tbody><\/tbody>\n<\/table>\n<p>&nbsp;<\/p>\n<p>&nbsp;<\/p>\n<p>[\/et_pb_text][\/et_pb_column][\/et_pb_row][\/et_pb_section]<\/p>\n","protected":false},"excerpt":{"rendered":"<p>Le 26 mars 2024 Fredericton, NB \u2013 Des dirigeants municipaux de partout au Nouveau-Brunswick se sont rencontr\u00e9s la semaine derni\u00e8re pour discuter des d\u00e9fis urgents auxquels font face leurs collectivit\u00e9s, et plus particuli\u00e8rement de leur combat pour maintenir leur sant\u00e9 financi\u00e8re, dans le cadre des Journ\u00e9es de la repr\u00e9sentation des int\u00e9r\u00eats 2024 tenues par l\u2019Union [&hellip;]<\/p>\n","protected":false},"author":2,"featured_media":0,"comment_status":"closed","ping_status":"open","sticky":false,"template":"","format":"standard","meta":{"_et_pb_use_builder":"on","_et_pb_old_content":"","_et_gb_content_width":"","footnotes":""},"categories":[2],"tags":[],"class_list":["post-10812","post","type-post","status-publish","format-standard","hentry","category-non-classifiee"],"_links":{"self":[{"href":"https:\/\/umnb.ca\/fr\/wp-json\/wp\/v2\/posts\/10812\/"}],"collection":[{"href":"https:\/\/umnb.ca\/fr\/wp-json\/wp\/v2\/posts\/"}],"about":[{"href":"https:\/\/umnb.ca\/fr\/wp-json\/wp\/v2\/types\/post\/"}],"author":[{"embeddable":true,"href":"https:\/\/umnb.ca\/fr\/wp-json\/wp\/v2\/users\/2\/"}],"replies":[{"embeddable":true,"href":"https:\/\/umnb.ca\/fr\/wp-json\/wp\/v2\/comments\/?post=10812"}],"version-history":[{"count":2,"href":"https:\/\/umnb.ca\/fr\/wp-json\/wp\/v2\/posts\/10812\/revisions\/"}],"predecessor-version":[{"id":10815,"href":"https:\/\/umnb.ca\/fr\/wp-json\/wp\/v2\/posts\/10812\/revisions\/10815\/"}],"wp:attachment":[{"href":"https:\/\/umnb.ca\/fr\/wp-json\/wp\/v2\/media\/?parent=10812"}],"wp:term":[{"taxonomy":"category","embeddable":true,"href":"https:\/\/umnb.ca\/fr\/wp-json\/wp\/v2\/categories\/?post=10812"},{"taxonomy":"post_tag","embeddable":true,"href":"https:\/\/umnb.ca\/fr\/wp-json\/wp\/v2\/tags\/?post=10812"}],"curies":[{"name":"wp","href":"https:\/\/api.w.org\/{rel}","templated":true}]}}